{"id":4925,"date":"2024-07-30T16:12:20","date_gmt":"2024-07-30T14:12:20","guid":{"rendered":"https:\/\/juergenputz.com\/?p=4925"},"modified":"2024-11-11T18:04:31","modified_gmt":"2024-11-11T17:04:31","slug":"le-sentier-de-corfou","status":"publish","type":"post","link":"https:\/\/juergenputz.com\/fr\/le-sentier-de-corfou\/","title":{"rendered":"Le sentier de Corfou"},"content":{"rendered":"<div data-elementor-type=\"wp-post\" data-elementor-id=\"4925\" class=\"elementor elementor-4925\">\n\t\t\t\t\t\t<section class=\"elementor-section elementor-top-section elementor-element elementor-element-724c4f0c elementor-section-boxed elementor-section-height-default elementor-section-height-default\" data-id=\"724c4f0c\" data-element_type=\"section\" data-e-type=\"section\">\n\t\t\t\t\t\t<div class=\"elementor-container elementor-column-gap-default\">\n\t\t\t\t\t<div class=\"elementor-column elementor-col-100 elementor-top-column elementor-element elementor-element-6f8a63cb\" data-id=\"6f8a63cb\" data-element_type=\"column\" data-e-type=\"column\">\n\t\t\t<div class=\"elementor-widget-wrap elementor-element-populated\">\n\t\t\t\t\t\t<div class=\"elementor-element elementor-element-36003877 elementor-widget elementor-widget-text-editor\" data-id=\"36003877\" data-element_type=\"widget\" data-e-type=\"widget\" data-widget_type=\"text-editor.default\">\n\t\t\t\t<div class=\"elementor-widget-container\">\n\t\t\t\t\t\t\t\t\t<p><\/p>\n<p class=\"p1\">Kerkyra est le nom n\u00e9o-grec de Corfou, la plus septentrionale des \u00eeles Ioniennes. Elle est situ\u00e9e \u00e0 l'entr\u00e9e de la mer Adriatique, entre le talon de la botte de la p\u00e9ninsule italienne et \u00e0 seulement deux kilom\u00e8tres de la c\u00f4te albanaise.<\/p>\n<p>\u00a0<\/p>\n<figure id=\"attachment_4930\" aria-describedby=\"caption-attachment-4930\" style=\"width: 1400px\" class=\"wp-caption alignnone\"><img fetchpriority=\"high\" decoding=\"async\" class=\"wp-image-4930 size-full\" src=\"https:\/\/juergenputz.com\/wp-content\/uploads\/2024\/07\/20230604_GRC_Korfu-Stadt_009-Verbessert-RR.jpg\" alt=\"\" width=\"1400\" height=\"933\" srcset=\"https:\/\/juergenputz.com\/wp-content\/uploads\/2024\/07\/20230604_GRC_Korfu-Stadt_009-Verbessert-RR.jpg 1400w, https:\/\/juergenputz.com\/wp-content\/uploads\/2024\/07\/20230604_GRC_Korfu-Stadt_009-Verbessert-RR-300x200.jpg 300w, https:\/\/juergenputz.com\/wp-content\/uploads\/2024\/07\/20230604_GRC_Korfu-Stadt_009-Verbessert-RR-1024x682.jpg 1024w, https:\/\/juergenputz.com\/wp-content\/uploads\/2024\/07\/20230604_GRC_Korfu-Stadt_009-Verbessert-RR-768x512.jpg 768w, https:\/\/juergenputz.com\/wp-content\/uploads\/2024\/07\/20230604_GRC_Korfu-Stadt_009-Verbessert-RR-800x533.jpg 800w, https:\/\/juergenputz.com\/wp-content\/uploads\/2024\/07\/20230604_GRC_Korfu-Stadt_009-Verbessert-RR-600x400.jpg 600w\" sizes=\"(max-width: 1400px) 100vw, 1400px\" \/><figcaption id=\"caption-attachment-4930\" class=\"wp-caption-text\">Vue sur la ville de Corfou<\/figcaption><\/figure>\n<h2>\u00a0<\/h2>\n<h2 class=\"p2\">Le sentier de Corfou<\/h2>\n<p class=\"p1\">Ce magnifique sentier de randonn\u00e9e d'environ 180 km a \u00e9t\u00e9 cr\u00e9\u00e9 en 2001 par le randonneur Hilary Whitton Paipeti, qui r\u00e9side \u00e0 Corfou.<\/p>\n<figure id=\"attachment_4936\" aria-describedby=\"caption-attachment-4936\" style=\"width: 1400px\" class=\"wp-caption alignnone\"><img decoding=\"async\" class=\"size-full wp-image-4936\" src=\"https:\/\/juergenputz.com\/wp-content\/uploads\/2024\/07\/20230515_GRC_Korfu_Arkoudillas_013-1.jpg\" alt=\"\" width=\"1400\" height=\"933\" srcset=\"https:\/\/juergenputz.com\/wp-content\/uploads\/2024\/07\/20230515_GRC_Korfu_Arkoudillas_013-1.jpg 1400w, https:\/\/juergenputz.com\/wp-content\/uploads\/2024\/07\/20230515_GRC_Korfu_Arkoudillas_013-1-300x200.jpg 300w, https:\/\/juergenputz.com\/wp-content\/uploads\/2024\/07\/20230515_GRC_Korfu_Arkoudillas_013-1-1024x682.jpg 1024w, https:\/\/juergenputz.com\/wp-content\/uploads\/2024\/07\/20230515_GRC_Korfu_Arkoudillas_013-1-768x512.jpg 768w, https:\/\/juergenputz.com\/wp-content\/uploads\/2024\/07\/20230515_GRC_Korfu_Arkoudillas_013-1-800x533.jpg 800w, https:\/\/juergenputz.com\/wp-content\/uploads\/2024\/07\/20230515_GRC_Korfu_Arkoudillas_013-1-600x400.jpg 600w\" sizes=\"(max-width: 1400px) 100vw, 1400px\" \/><figcaption id=\"caption-attachment-4936\" class=\"wp-caption-text\">La c\u00f4te sauvage pr\u00e8s d'Arkoudillas<\/figcaption><\/figure>\n<p class=\"p1\">Depuis Arkoudillas, \u00e0 l'extr\u00eame sud de l'\u00eele, le sentier m\u00e8ne jusqu'au cap Agia Ekaterini, le point le plus au nord de Corfou. En chemin, le randonneur d\u00e9couvre les magnifiques plages de sable de l'ouest de l'\u00eele, traverse les oliveraies et les for\u00eats de foug\u00e8res de l'int\u00e9rieur pour une incursion sur la c\u00f4te est, avant de revenir aux paysages de dunes de la c\u00f4te ouest. Enfin, il traverse le plateau karstique et les r\u00e9gions sauvages et isol\u00e9es de l'\u00eele.<span class=\"Apple-converted-space\">\u00a0 <\/span>Les gorges du paysage montagneux au nord, avant d'atteindre finalement la destination, la c\u00f4te sauvage au nord de l'\u00eele.<\/p>\n<p class=\"p1\">De petits panneaux et balises jaunes marqu\u00e9s d'un CT guident les randonneurs \u00e0 travers des zones rurales, de vastes for\u00eats de foug\u00e8res, des petits villages pittoresques, des monast\u00e8res et vers certains des plus beaux points de vue de l'\u00eele.<\/p>\n<p><img decoding=\"async\" class=\"alignnone size-full wp-image-4937\" src=\"https:\/\/juergenputz.com\/wp-content\/uploads\/2024\/07\/Corfu-Trai.jpg\" alt=\"\" width=\"1400\" height=\"788\" srcset=\"https:\/\/juergenputz.com\/wp-content\/uploads\/2024\/07\/Corfu-Trai.jpg 1400w, https:\/\/juergenputz.com\/wp-content\/uploads\/2024\/07\/Corfu-Trai-300x169.jpg 300w, https:\/\/juergenputz.com\/wp-content\/uploads\/2024\/07\/Corfu-Trai-1024x576.jpg 1024w, https:\/\/juergenputz.com\/wp-content\/uploads\/2024\/07\/Corfu-Trai-768x432.jpg 768w, https:\/\/juergenputz.com\/wp-content\/uploads\/2024\/07\/Corfu-Trai-800x450.jpg 800w, https:\/\/juergenputz.com\/wp-content\/uploads\/2024\/07\/Corfu-Trai-600x338.jpg 600w\" sizes=\"(max-width: 1400px) 100vw, 1400px\" \/><\/p>\n<p class=\"p1\">Les diff\u00e9rentes \u00e9tapes sont \u00e0 la port\u00e9e des randonneurs non exp\u00e9riment\u00e9s, et ceux qui souhaitent se faciliter la t\u00e2che peuvent r\u00e9server un service de bagages aupr\u00e8s de prestataires locaux exp\u00e9riment\u00e9s, ou m\u00eame faire le tour complet.<span class=\"Apple-converted-space\">\u00a0 <\/span>faire planifier.<\/p>\n<figure id=\"attachment_4941\" aria-describedby=\"caption-attachment-4941\" style=\"width: 1400px\" class=\"wp-caption alignnone\"><img loading=\"lazy\" decoding=\"async\" class=\"size-full wp-image-4941\" src=\"https:\/\/juergenputz.com\/wp-content\/uploads\/2024\/07\/See-bei-Arkoudillas.jpg\" alt=\"\" width=\"1400\" height=\"933\" srcset=\"https:\/\/juergenputz.com\/wp-content\/uploads\/2024\/07\/See-bei-Arkoudillas.jpg 1400w, https:\/\/juergenputz.com\/wp-content\/uploads\/2024\/07\/See-bei-Arkoudillas-300x200.jpg 300w, https:\/\/juergenputz.com\/wp-content\/uploads\/2024\/07\/See-bei-Arkoudillas-1024x682.jpg 1024w, https:\/\/juergenputz.com\/wp-content\/uploads\/2024\/07\/See-bei-Arkoudillas-768x512.jpg 768w, https:\/\/juergenputz.com\/wp-content\/uploads\/2024\/07\/See-bei-Arkoudillas-800x533.jpg 800w, https:\/\/juergenputz.com\/wp-content\/uploads\/2024\/07\/See-bei-Arkoudillas-600x400.jpg 600w\" sizes=\"(max-width: 1400px) 100vw, 1400px\" \/><figcaption id=\"caption-attachment-4941\" class=\"wp-caption-text\">Lac pr\u00e8s d'Arkoudillas<\/figcaption><\/figure>\n<h3>Lefkimmi<\/h3>\n<p>Avec tout juste 5000 habitants, Lefkimmi est le deuxi\u00e8me plus grand village de Corfou. Les touristes y sont peu nombreux et pr\u00e9f\u00e8rent g\u00e9n\u00e9ralement se rendre sur les plages voisines. Il y r\u00e8gne donc une atmosph\u00e8re tr\u00e8s d\u00e9tendue et les tavernes situ\u00e9es le long d'une rivi\u00e8re traversant le village invitent \u00e0 faire une pause.\u00a0<\/p>\n<figure id=\"attachment_4942\" aria-describedby=\"caption-attachment-4942\" style=\"width: 1400px\" class=\"wp-caption alignnone\"><img loading=\"lazy\" decoding=\"async\" class=\"size-full wp-image-4942\" src=\"https:\/\/juergenputz.com\/wp-content\/uploads\/2024\/07\/Lefkimmi.jpg\" alt=\"\" width=\"1400\" height=\"933\" srcset=\"https:\/\/juergenputz.com\/wp-content\/uploads\/2024\/07\/Lefkimmi.jpg 1400w, https:\/\/juergenputz.com\/wp-content\/uploads\/2024\/07\/Lefkimmi-300x200.jpg 300w, https:\/\/juergenputz.com\/wp-content\/uploads\/2024\/07\/Lefkimmi-1024x682.jpg 1024w, https:\/\/juergenputz.com\/wp-content\/uploads\/2024\/07\/Lefkimmi-768x512.jpg 768w, https:\/\/juergenputz.com\/wp-content\/uploads\/2024\/07\/Lefkimmi-800x533.jpg 800w, https:\/\/juergenputz.com\/wp-content\/uploads\/2024\/07\/Lefkimmi-600x400.jpg 600w\" sizes=\"(max-width: 1400px) 100vw, 1400px\" \/><figcaption id=\"caption-attachment-4942\" class=\"wp-caption-text\">Lefkimmi<\/figcaption><\/figure>\n<p>Le Corfu-Trail nous m\u00e8ne maintenant vers la c\u00f4te ouest, \u00e0 Santa Barbara.  Les magnifiques plages de sable, souvent d\u00e9sertes, invitent \u00e0 la baignade et la mer d'un bleu profond offre une vue fantastique.\u00a0<\/p>\n<figure id=\"attachment_4943\" aria-describedby=\"caption-attachment-4943\" style=\"width: 1400px\" class=\"wp-caption alignnone\"><img loading=\"lazy\" decoding=\"async\" class=\"size-full wp-image-4943\" src=\"https:\/\/juergenputz.com\/wp-content\/uploads\/2024\/07\/Strand-bei-Santa-Barbara.jpg\" alt=\"\" width=\"1400\" height=\"787\" srcset=\"https:\/\/juergenputz.com\/wp-content\/uploads\/2024\/07\/Strand-bei-Santa-Barbara.jpg 1400w, https:\/\/juergenputz.com\/wp-content\/uploads\/2024\/07\/Strand-bei-Santa-Barbara-300x169.jpg 300w, https:\/\/juergenputz.com\/wp-content\/uploads\/2024\/07\/Strand-bei-Santa-Barbara-1024x576.jpg 1024w, https:\/\/juergenputz.com\/wp-content\/uploads\/2024\/07\/Strand-bei-Santa-Barbara-768x432.jpg 768w, https:\/\/juergenputz.com\/wp-content\/uploads\/2024\/07\/Strand-bei-Santa-Barbara-800x450.jpg 800w, https:\/\/juergenputz.com\/wp-content\/uploads\/2024\/07\/Strand-bei-Santa-Barbara-600x337.jpg 600w\" sizes=\"(max-width: 1400px) 100vw, 1400px\" \/><figcaption id=\"caption-attachment-4943\" class=\"wp-caption-text\">Plage pr\u00e8s de Santa Barbara<\/figcaption><\/figure>\n<p>Peu avant notre h\u00e9bergement, nous apercevons encore une grande tortue de mer sur la plage. Mais notre joie initiale s'est vite envol\u00e9e lorsque nous d\u00e9couvrons la profonde blessure au cou de l'animal, probablement caus\u00e9e par un bateau \u00e0 moteur. La tortue est probablement morte de cette blessure et c'est avec tristesse que nous parcourons les derniers m\u00e8tres jusqu'\u00e0 notre h\u00e9bergement.<\/p>\n<p><img loading=\"lazy\" decoding=\"async\" class=\"alignnone size-full wp-image-4944\" src=\"https:\/\/juergenputz.com\/wp-content\/uploads\/2024\/07\/Schildkroete.jpg\" alt=\"\" width=\"1400\" height=\"933\" srcset=\"https:\/\/juergenputz.com\/wp-content\/uploads\/2024\/07\/Schildkroete.jpg 1400w, https:\/\/juergenputz.com\/wp-content\/uploads\/2024\/07\/Schildkroete-300x200.jpg 300w, https:\/\/juergenputz.com\/wp-content\/uploads\/2024\/07\/Schildkroete-1024x682.jpg 1024w, https:\/\/juergenputz.com\/wp-content\/uploads\/2024\/07\/Schildkroete-768x512.jpg 768w, https:\/\/juergenputz.com\/wp-content\/uploads\/2024\/07\/Schildkroete-800x533.jpg 800w, https:\/\/juergenputz.com\/wp-content\/uploads\/2024\/07\/Schildkroete-600x400.jpg 600w\" sizes=\"(max-width: 1400px) 100vw, 1400px\" \/><\/p>\n<p>Le lendemain, nous continuons d'abord \u00e0 longer cette magnifique plage de sable avant d'atteindre notre premi\u00e8re \u00e9tape interm\u00e9diaire, la lagune Korrison.\u00a0<\/p>\n<figure id=\"attachment_4949\" aria-describedby=\"caption-attachment-4949\" style=\"width: 932px\" class=\"wp-caption aligncenter\"><img loading=\"lazy\" decoding=\"async\" class=\"wp-image-4949 size-full\" src=\"https:\/\/juergenputz.com\/wp-content\/uploads\/2024\/07\/Strand-bei-Santa-Barbara-1.jpg\" alt=\"\" width=\"932\" height=\"932\" srcset=\"https:\/\/juergenputz.com\/wp-content\/uploads\/2024\/07\/Strand-bei-Santa-Barbara-1.jpg 932w, https:\/\/juergenputz.com\/wp-content\/uploads\/2024\/07\/Strand-bei-Santa-Barbara-1-300x300.jpg 300w, https:\/\/juergenputz.com\/wp-content\/uploads\/2024\/07\/Strand-bei-Santa-Barbara-1-150x150.jpg 150w, https:\/\/juergenputz.com\/wp-content\/uploads\/2024\/07\/Strand-bei-Santa-Barbara-1-768x768.jpg 768w, https:\/\/juergenputz.com\/wp-content\/uploads\/2024\/07\/Strand-bei-Santa-Barbara-1-770x770.jpg 770w, https:\/\/juergenputz.com\/wp-content\/uploads\/2024\/07\/Strand-bei-Santa-Barbara-1-160x160.jpg 160w, https:\/\/juergenputz.com\/wp-content\/uploads\/2024\/07\/Strand-bei-Santa-Barbara-1-800x800.jpg 800w, https:\/\/juergenputz.com\/wp-content\/uploads\/2024\/07\/Strand-bei-Santa-Barbara-1-600x600.jpg 600w, https:\/\/juergenputz.com\/wp-content\/uploads\/2024\/07\/Strand-bei-Santa-Barbara-1-100x100.jpg 100w\" sizes=\"(max-width: 932px) 100vw, 932px\" \/><figcaption id=\"caption-attachment-4949\" class=\"wp-caption-text\">Randonn\u00e9e sur la plage<\/figcaption><\/figure>\n<figure id=\"attachment_4950\" aria-describedby=\"caption-attachment-4950\" style=\"width: 1400px\" class=\"wp-caption alignnone\"><img loading=\"lazy\" decoding=\"async\" class=\"size-full wp-image-4950\" src=\"https:\/\/juergenputz.com\/wp-content\/uploads\/2024\/07\/Duenen-bei-Santa-Barbara.jpg\" alt=\"\" width=\"1400\" height=\"788\" srcset=\"https:\/\/juergenputz.com\/wp-content\/uploads\/2024\/07\/Duenen-bei-Santa-Barbara.jpg 1400w, https:\/\/juergenputz.com\/wp-content\/uploads\/2024\/07\/Duenen-bei-Santa-Barbara-300x169.jpg 300w, https:\/\/juergenputz.com\/wp-content\/uploads\/2024\/07\/Duenen-bei-Santa-Barbara-1024x576.jpg 1024w, https:\/\/juergenputz.com\/wp-content\/uploads\/2024\/07\/Duenen-bei-Santa-Barbara-768x432.jpg 768w, https:\/\/juergenputz.com\/wp-content\/uploads\/2024\/07\/Duenen-bei-Santa-Barbara-800x450.jpg 800w, https:\/\/juergenputz.com\/wp-content\/uploads\/2024\/07\/Duenen-bei-Santa-Barbara-600x338.jpg 600w\" sizes=\"(max-width: 1400px) 100vw, 1400px\" \/><figcaption id=\"caption-attachment-4950\" class=\"wp-caption-text\">Dunes pr\u00e8s de Santa Barbara<\/figcaption><\/figure>\n<figure id=\"attachment_4951\" aria-describedby=\"caption-attachment-4951\" style=\"width: 1400px\" class=\"wp-caption alignnone\"><img loading=\"lazy\" decoding=\"async\" class=\"size-full wp-image-4951\" src=\"https:\/\/juergenputz.com\/wp-content\/uploads\/2024\/07\/Korisson-Lagune.jpg\" alt=\"\" width=\"1400\" height=\"787\" srcset=\"https:\/\/juergenputz.com\/wp-content\/uploads\/2024\/07\/Korisson-Lagune.jpg 1400w, https:\/\/juergenputz.com\/wp-content\/uploads\/2024\/07\/Korisson-Lagune-300x169.jpg 300w, https:\/\/juergenputz.com\/wp-content\/uploads\/2024\/07\/Korisson-Lagune-1024x576.jpg 1024w, https:\/\/juergenputz.com\/wp-content\/uploads\/2024\/07\/Korisson-Lagune-768x432.jpg 768w, https:\/\/juergenputz.com\/wp-content\/uploads\/2024\/07\/Korisson-Lagune-800x450.jpg 800w, https:\/\/juergenputz.com\/wp-content\/uploads\/2024\/07\/Korisson-Lagune-600x337.jpg 600w\" sizes=\"(max-width: 1400px) 100vw, 1400px\" \/><figcaption id=\"caption-attachment-4951\" class=\"wp-caption-text\">Lagon de Korisson<\/figcaption><\/figure>\n<p>Nous marchons maintenant sur un long pont de terre, avec la lagune \u00e0 notre droite et la mer ionienne \u00e0 notre gauche, \u00e0 travers un paysage de dunes tr\u00e8s prononc\u00e9.\u00a0<\/p>\n<figure id=\"attachment_4952\" aria-describedby=\"caption-attachment-4952\" style=\"width: 1400px\" class=\"wp-caption alignnone\"><img loading=\"lazy\" decoding=\"async\" class=\"size-full wp-image-4952\" src=\"https:\/\/juergenputz.com\/wp-content\/uploads\/2024\/07\/Duenen-bei-Korisson.jpg\" alt=\"\" width=\"1400\" height=\"788\" srcset=\"https:\/\/juergenputz.com\/wp-content\/uploads\/2024\/07\/Duenen-bei-Korisson.jpg 1400w, https:\/\/juergenputz.com\/wp-content\/uploads\/2024\/07\/Duenen-bei-Korisson-300x169.jpg 300w, https:\/\/juergenputz.com\/wp-content\/uploads\/2024\/07\/Duenen-bei-Korisson-1024x576.jpg 1024w, https:\/\/juergenputz.com\/wp-content\/uploads\/2024\/07\/Duenen-bei-Korisson-768x432.jpg 768w, https:\/\/juergenputz.com\/wp-content\/uploads\/2024\/07\/Duenen-bei-Korisson-800x450.jpg 800w, https:\/\/juergenputz.com\/wp-content\/uploads\/2024\/07\/Duenen-bei-Korisson-600x338.jpg 600w\" sizes=\"(max-width: 1400px) 100vw, 1400px\" \/><figcaption id=\"caption-attachment-4952\" class=\"wp-caption-text\">Paysage de dunes sur le pont terrestre \u00e0 la lagune Korisson<\/figcaption><\/figure>\n<p>Au bout du pont terrestre, nous traversons une for\u00eat presque enchant\u00e9e et atteignons finalement, apr\u00e8s 20 bons kilom\u00e8tres, le village de Paramonas, situ\u00e9 au pied du mont Agios Matheos.\u00a0<\/p>\n<p><img loading=\"lazy\" decoding=\"async\" class=\"alignnone size-full wp-image-4953\" src=\"https:\/\/juergenputz.com\/wp-content\/uploads\/2024\/07\/Wald-bei-Paramonas.jpg\" alt=\"\" width=\"1400\" height=\"788\" srcset=\"https:\/\/juergenputz.com\/wp-content\/uploads\/2024\/07\/Wald-bei-Paramonas.jpg 1400w, https:\/\/juergenputz.com\/wp-content\/uploads\/2024\/07\/Wald-bei-Paramonas-300x169.jpg 300w, https:\/\/juergenputz.com\/wp-content\/uploads\/2024\/07\/Wald-bei-Paramonas-1024x576.jpg 1024w, https:\/\/juergenputz.com\/wp-content\/uploads\/2024\/07\/Wald-bei-Paramonas-768x432.jpg 768w, https:\/\/juergenputz.com\/wp-content\/uploads\/2024\/07\/Wald-bei-Paramonas-800x450.jpg 800w, https:\/\/juergenputz.com\/wp-content\/uploads\/2024\/07\/Wald-bei-Paramonas-600x338.jpg 600w\" sizes=\"(max-width: 1400px) 100vw, 1400px\" \/><\/p>\n<p>Dans une petite taverne sur la plage du village, nous d\u00e9gustons notre d\u00eener et un ouzo en admirant un magnifique coucher de soleil.\u00a0<\/p>\n<figure id=\"attachment_4954\" aria-describedby=\"caption-attachment-4954\" style=\"width: 1400px\" class=\"wp-caption alignnone\"><img loading=\"lazy\" decoding=\"async\" class=\"size-full wp-image-4954\" src=\"https:\/\/juergenputz.com\/wp-content\/uploads\/2024\/07\/Sonnenuntergang-Paramonas.jpg\" alt=\"\" width=\"1400\" height=\"788\" srcset=\"https:\/\/juergenputz.com\/wp-content\/uploads\/2024\/07\/Sonnenuntergang-Paramonas.jpg 1400w, https:\/\/juergenputz.com\/wp-content\/uploads\/2024\/07\/Sonnenuntergang-Paramonas-300x169.jpg 300w, https:\/\/juergenputz.com\/wp-content\/uploads\/2024\/07\/Sonnenuntergang-Paramonas-1024x576.jpg 1024w, https:\/\/juergenputz.com\/wp-content\/uploads\/2024\/07\/Sonnenuntergang-Paramonas-768x432.jpg 768w, https:\/\/juergenputz.com\/wp-content\/uploads\/2024\/07\/Sonnenuntergang-Paramonas-800x450.jpg 800w, https:\/\/juergenputz.com\/wp-content\/uploads\/2024\/07\/Sonnenuntergang-Paramonas-600x338.jpg 600w\" sizes=\"(max-width: 1400px) 100vw, 1400px\" \/><figcaption id=\"caption-attachment-4954\" class=\"wp-caption-text\">Coucher de soleil sur la plage de Paramonas<\/figcaption><\/figure>\n<p class=\"p2\">T\u00f4t le matin, nous partons de notre h\u00e9bergement et montons d'abord une pente raide jusqu'\u00e0 la cr\u00eate de la montagne c\u00f4ti\u00e8re occidentale. De l\u00e0, nous avons une vue magnifique sur la mer ionienne d'un bleu profond.<\/p>\n<p><img loading=\"lazy\" decoding=\"async\" class=\"alignnone size-full wp-image-4959\" src=\"https:\/\/juergenputz.com\/wp-content\/uploads\/2024\/08\/Kamm-des-westlichen-Kuestengebirges.jpg\" alt=\"\" width=\"1400\" height=\"788\" srcset=\"https:\/\/juergenputz.com\/wp-content\/uploads\/2024\/08\/Kamm-des-westlichen-Kuestengebirges.jpg 1400w, https:\/\/juergenputz.com\/wp-content\/uploads\/2024\/08\/Kamm-des-westlichen-Kuestengebirges-300x169.jpg 300w, https:\/\/juergenputz.com\/wp-content\/uploads\/2024\/08\/Kamm-des-westlichen-Kuestengebirges-1024x576.jpg 1024w, https:\/\/juergenputz.com\/wp-content\/uploads\/2024\/08\/Kamm-des-westlichen-Kuestengebirges-768x432.jpg 768w, https:\/\/juergenputz.com\/wp-content\/uploads\/2024\/08\/Kamm-des-westlichen-Kuestengebirges-800x450.jpg 800w, https:\/\/juergenputz.com\/wp-content\/uploads\/2024\/08\/Kamm-des-westlichen-Kuestengebirges-600x338.jpg 600w\" sizes=\"(max-width: 1400px) 100vw, 1400px\" \/><\/p>\n<p>\u00a0<\/p>\n<figure id=\"attachment_4960\" aria-describedby=\"caption-attachment-4960\" style=\"width: 1400px\" class=\"wp-caption alignnone\"><img loading=\"lazy\" decoding=\"async\" class=\"size-full wp-image-4960\" src=\"https:\/\/juergenputz.com\/wp-content\/uploads\/2024\/08\/Blick-vom-Kamm.jpg\" alt=\"\" width=\"1400\" height=\"933\" srcset=\"https:\/\/juergenputz.com\/wp-content\/uploads\/2024\/08\/Blick-vom-Kamm.jpg 1400w, https:\/\/juergenputz.com\/wp-content\/uploads\/2024\/08\/Blick-vom-Kamm-300x200.jpg 300w, https:\/\/juergenputz.com\/wp-content\/uploads\/2024\/08\/Blick-vom-Kamm-1024x682.jpg 1024w, https:\/\/juergenputz.com\/wp-content\/uploads\/2024\/08\/Blick-vom-Kamm-768x512.jpg 768w, https:\/\/juergenputz.com\/wp-content\/uploads\/2024\/08\/Blick-vom-Kamm-800x533.jpg 800w, https:\/\/juergenputz.com\/wp-content\/uploads\/2024\/08\/Blick-vom-Kamm-600x400.jpg 600w\" sizes=\"(max-width: 1400px) 100vw, 1400px\" \/><figcaption id=\"caption-attachment-4960\" class=\"wp-caption-text\">Vue depuis la cr\u00eate de la montagne c\u00f4ti\u00e8re<\/figcaption><\/figure>\n<p class=\"p2\">Nous nous dirigeons maintenant vers l'ouest, \u00e0 l'int\u00e9rieur de Corfou, et traversons les petits villages d'Ano Pavliana et de Kato Pavliana.  De nombreuses plantes sauvages fleurissent le long du chemin.\u00a0\u00a0<\/p>\n<figure id=\"attachment_4961\" aria-describedby=\"caption-attachment-4961\" style=\"width: 800px\" class=\"wp-caption aligncenter\"><img loading=\"lazy\" decoding=\"async\" class=\"size-full wp-image-4961\" src=\"https:\/\/juergenputz.com\/wp-content\/uploads\/2024\/08\/Wildpflanzen-auf-Korfu.jpg\" alt=\"\" width=\"800\" height=\"800\" srcset=\"https:\/\/juergenputz.com\/wp-content\/uploads\/2024\/08\/Wildpflanzen-auf-Korfu.jpg 800w, https:\/\/juergenputz.com\/wp-content\/uploads\/2024\/08\/Wildpflanzen-auf-Korfu-300x300.jpg 300w, https:\/\/juergenputz.com\/wp-content\/uploads\/2024\/08\/Wildpflanzen-auf-Korfu-150x150.jpg 150w, https:\/\/juergenputz.com\/wp-content\/uploads\/2024\/08\/Wildpflanzen-auf-Korfu-768x768.jpg 768w, https:\/\/juergenputz.com\/wp-content\/uploads\/2024\/08\/Wildpflanzen-auf-Korfu-770x770.jpg 770w, https:\/\/juergenputz.com\/wp-content\/uploads\/2024\/08\/Wildpflanzen-auf-Korfu-160x160.jpg 160w, https:\/\/juergenputz.com\/wp-content\/uploads\/2024\/08\/Wildpflanzen-auf-Korfu-600x600.jpg 600w, https:\/\/juergenputz.com\/wp-content\/uploads\/2024\/08\/Wildpflanzen-auf-Korfu-100x100.jpg 100w\" sizes=\"(max-width: 800px) 100vw, 800px\" \/><figcaption id=\"caption-attachment-4961\" class=\"wp-caption-text\">Plantes sauvages le long du chemin<\/figcaption><\/figure>\n<p>Nous continuons vers l'ouest jusqu'au petit village pittoresque de Vouniatades. Nous y trouvons, en partie d\u00e9j\u00e0 envahies par les herbes, diverses \u00e9paves de voitures dont leurs propri\u00e9taires se sont probablement d\u00e9barrass\u00e9s ici.\u00a0<\/p>\n<figure id=\"attachment_4965\" aria-describedby=\"caption-attachment-4965\" style=\"width: 900px\" class=\"wp-caption aligncenter\"><img loading=\"lazy\" decoding=\"async\" class=\"size-full wp-image-4965\" src=\"https:\/\/juergenputz.com\/wp-content\/uploads\/2024\/08\/Autowracks.jpg\" alt=\"\" width=\"900\" height=\"675\" srcset=\"https:\/\/juergenputz.com\/wp-content\/uploads\/2024\/08\/Autowracks.jpg 900w, https:\/\/juergenputz.com\/wp-content\/uploads\/2024\/08\/Autowracks-300x225.jpg 300w, https:\/\/juergenputz.com\/wp-content\/uploads\/2024\/08\/Autowracks-768x576.jpg 768w, https:\/\/juergenputz.com\/wp-content\/uploads\/2024\/08\/Autowracks-800x600.jpg 800w, https:\/\/juergenputz.com\/wp-content\/uploads\/2024\/08\/Autowracks-600x450.jpg 600w\" sizes=\"(max-width: 900px) 100vw, 900px\" \/><figcaption id=\"caption-attachment-4965\" class=\"wp-caption-text\">\u00e9paves de voitures le long du chemin<\/figcaption><\/figure>\n<p>\u00a0<\/p>\n<h3>Komianata<\/h3>\n<p>Nous traversons ensuite une vaste plaine et, apr\u00e8s une nouvelle ascension, nous atteignons le village de Komianata, d'o\u00f9 nous avons une vue magnifique sur la c\u00f4te est de Corfou et sur Benitses, notre destination du jour.\u00a0<\/p>\n<figure id=\"attachment_4970\" aria-describedby=\"caption-attachment-4970\" style=\"width: 1400px\" class=\"wp-caption alignnone\"><img loading=\"lazy\" decoding=\"async\" class=\"size-full wp-image-4970\" src=\"https:\/\/juergenputz.com\/wp-content\/uploads\/2024\/08\/Vista-a-Benitses.jpg\" alt=\"\" width=\"1400\" height=\"933\" srcset=\"https:\/\/juergenputz.com\/wp-content\/uploads\/2024\/08\/Vista-a-Benitses.jpg 1400w, https:\/\/juergenputz.com\/wp-content\/uploads\/2024\/08\/Vista-a-Benitses-300x200.jpg 300w, https:\/\/juergenputz.com\/wp-content\/uploads\/2024\/08\/Vista-a-Benitses-1024x682.jpg 1024w, https:\/\/juergenputz.com\/wp-content\/uploads\/2024\/08\/Vista-a-Benitses-768x512.jpg 768w, https:\/\/juergenputz.com\/wp-content\/uploads\/2024\/08\/Vista-a-Benitses-800x533.jpg 800w, https:\/\/juergenputz.com\/wp-content\/uploads\/2024\/08\/Vista-a-Benitses-600x400.jpg 600w\" sizes=\"(max-width: 1400px) 100vw, 1400px\" \/><figcaption id=\"caption-attachment-4970\" class=\"wp-caption-text\">Vue de Komianata<\/figcaption><\/figure>\n<p>Le matin, nous prenons d'abord un taxi pour nous rendre au village de Stavros, situ\u00e9 sur l'itin\u00e9raire. De l\u00e0, la randonn\u00e9e nous m\u00e8ne d'abord au sommet du mont Agia Deka (576 m). L\u00e0, nous profitons de la vue magnifique avant de nous reposer de la mont\u00e9e dans un monast\u00e8re abandonn\u00e9 tout proche.<\/p>\n<figure id=\"attachment_4975\" aria-describedby=\"caption-attachment-4975\" style=\"width: 1400px\" class=\"wp-caption alignnone\"><img loading=\"lazy\" decoding=\"async\" class=\"size-full wp-image-4975\" src=\"https:\/\/juergenputz.com\/wp-content\/uploads\/2024\/08\/Blick-vom-Agi-Deka.jpg\" alt=\"\" width=\"1400\" height=\"933\" srcset=\"https:\/\/juergenputz.com\/wp-content\/uploads\/2024\/08\/Blick-vom-Agi-Deka.jpg 1400w, https:\/\/juergenputz.com\/wp-content\/uploads\/2024\/08\/Blick-vom-Agi-Deka-300x200.jpg 300w, https:\/\/juergenputz.com\/wp-content\/uploads\/2024\/08\/Blick-vom-Agi-Deka-1024x682.jpg 1024w, https:\/\/juergenputz.com\/wp-content\/uploads\/2024\/08\/Blick-vom-Agi-Deka-768x512.jpg 768w, https:\/\/juergenputz.com\/wp-content\/uploads\/2024\/08\/Blick-vom-Agi-Deka-800x533.jpg 800w, https:\/\/juergenputz.com\/wp-content\/uploads\/2024\/08\/Blick-vom-Agi-Deka-600x400.jpg 600w\" sizes=\"(max-width: 1400px) 100vw, 1400px\" \/><figcaption id=\"caption-attachment-4975\" class=\"wp-caption-text\">Vue du sommet de l'Agi Deka<\/figcaption><\/figure>\n<p>\u00a0<\/p>\n<p>Nous poursuivons notre route en direction de la c\u00f4te ouest,\u00a0<span style=\"font-size: 15px; letter-spacing: 0px;\">jusqu'\u00e0 ce que nous atteignions le petit village de montagne de Sinarades. Dans ce charmant village, avec ses b\u00e2timents traditionnels, ses vieilles \u00e9glises et ses ruelles sinueuses, on devine ce qu'\u00e9tait la vie d'autrefois \u00e0 Corfou.\u00a0<\/span><\/p>\n<figure id=\"attachment_4976\" aria-describedby=\"caption-attachment-4976\" style=\"width: 394px\" class=\"wp-caption alignnone\"><img loading=\"lazy\" decoding=\"async\" class=\"size-full wp-image-4976\" src=\"https:\/\/juergenputz.com\/wp-content\/uploads\/2024\/08\/Sinarades-e1722867518188.jpg\" alt=\"\" width=\"394\" height=\"700\" \/><figcaption id=\"caption-attachment-4976\" class=\"wp-caption-text\">Sinarades<\/figcaption><\/figure>\n<p>\u00a0<\/p>\n<h3 class=\"p1\">Pelekas et le tr\u00f4ne imp\u00e9rial<\/h3>\n<p>Depuis Sinarades, nous apercevons Pelekas, notre destination du jour, situ\u00e9e \u00e0 flanc de montagne.<\/p>\n<p><img loading=\"lazy\" decoding=\"async\" class=\"alignnone size-full wp-image-4985\" src=\"https:\/\/juergenputz.com\/wp-content\/uploads\/2024\/08\/Pelekas.jpg\" alt=\"\" width=\"1400\" height=\"933\" srcset=\"https:\/\/juergenputz.com\/wp-content\/uploads\/2024\/08\/Pelekas.jpg 1400w, https:\/\/juergenputz.com\/wp-content\/uploads\/2024\/08\/Pelekas-300x200.jpg 300w, https:\/\/juergenputz.com\/wp-content\/uploads\/2024\/08\/Pelekas-1024x682.jpg 1024w, https:\/\/juergenputz.com\/wp-content\/uploads\/2024\/08\/Pelekas-768x512.jpg 768w, https:\/\/juergenputz.com\/wp-content\/uploads\/2024\/08\/Pelekas-800x533.jpg 800w, https:\/\/juergenputz.com\/wp-content\/uploads\/2024\/08\/Pelekas-600x400.jpg 600w\" sizes=\"(max-width: 1400px) 100vw, 1400px\" \/><\/p>\n<p><\/p>\n<figure class=\"wp-block-image size-large\"><\/figure>\n<p>Un lieu particulier \u00e0 Pelekas est le tr\u00f4ne de l'empereur.<\/p>\n<figure id=\"attachment_4990\" aria-describedby=\"caption-attachment-4990\" style=\"width: 1400px\" class=\"wp-caption alignnone\"><img loading=\"lazy\" decoding=\"async\" class=\"size-full wp-image-4990\" src=\"https:\/\/juergenputz.com\/wp-content\/uploads\/2024\/08\/Pelekas_Kaiserthron.jpg\" alt=\"\" width=\"1400\" height=\"933\" srcset=\"https:\/\/juergenputz.com\/wp-content\/uploads\/2024\/08\/Pelekas_Kaiserthron.jpg 1400w, https:\/\/juergenputz.com\/wp-content\/uploads\/2024\/08\/Pelekas_Kaiserthron-300x200.jpg 300w, https:\/\/juergenputz.com\/wp-content\/uploads\/2024\/08\/Pelekas_Kaiserthron-1024x682.jpg 1024w, https:\/\/juergenputz.com\/wp-content\/uploads\/2024\/08\/Pelekas_Kaiserthron-768x512.jpg 768w, https:\/\/juergenputz.com\/wp-content\/uploads\/2024\/08\/Pelekas_Kaiserthron-800x533.jpg 800w, https:\/\/juergenputz.com\/wp-content\/uploads\/2024\/08\/Pelekas_Kaiserthron-600x400.jpg 600w\" sizes=\"(max-width: 1400px) 100vw, 1400px\" \/><figcaption id=\"caption-attachment-4990\" class=\"wp-caption-text\">Tr\u00f4ne de l'empereur<\/figcaption><\/figure>\n<p class=\"p1\">L'imp\u00e9ratrice Elisabeth d'Autriche-Hongrie, surnomm\u00e9e Sisi, aimait Corfou. Elle y acheta une ancienne villa qui fut restaur\u00e9e sur son ordre dans les ann\u00e9es 1890-1892. L'\"Achilleion\", dont la conception architecturale est cens\u00e9e rappeler un ancien palais ph\u00e9acien.\u00a0<\/p>\n<p class=\"p1\">1907 kaufte der deutsche Kaiser Wilhelm den Palast. und verbrachte hier zwischen 1908 und dem Ersten Weltkrieg seine Sommerurlaube. Am liebsten machte er einen Ausflug nach Pelekas. Der Kaiser liebte es, von einem steilen H\u00fcgel oberhalb des D\u00f6rfchens den Sonnenuntergang \u00fcber der H\u00fcgellandschaft zu beobachten. Dieser Ort auf dem Felsgipfel oberhalb des Dorfes ist auch heute noch als \u201eKaisers Thron\u201c bekannt.<\/p>\n<p class=\"p1\">Le lendemain, nous partons de Pelekas en longeant d'abord un tr\u00e8s beau sentier c\u00f4tier.<\/p>\n<figure id=\"attachment_4998\" aria-describedby=\"caption-attachment-4998\" style=\"width: 1400px\" class=\"wp-caption alignnone\"><img loading=\"lazy\" decoding=\"async\" class=\"size-full wp-image-4998\" src=\"https:\/\/juergenputz.com\/wp-content\/uploads\/2024\/08\/Kueste-bei_Pelekas.jpg\" alt=\"\" width=\"1400\" height=\"933\" srcset=\"https:\/\/juergenputz.com\/wp-content\/uploads\/2024\/08\/Kueste-bei_Pelekas.jpg 1400w, https:\/\/juergenputz.com\/wp-content\/uploads\/2024\/08\/Kueste-bei_Pelekas-300x200.jpg 300w, https:\/\/juergenputz.com\/wp-content\/uploads\/2024\/08\/Kueste-bei_Pelekas-1024x682.jpg 1024w, https:\/\/juergenputz.com\/wp-content\/uploads\/2024\/08\/Kueste-bei_Pelekas-768x512.jpg 768w, https:\/\/juergenputz.com\/wp-content\/uploads\/2024\/08\/Kueste-bei_Pelekas-800x533.jpg 800w, https:\/\/juergenputz.com\/wp-content\/uploads\/2024\/08\/Kueste-bei_Pelekas-600x400.jpg 600w\" sizes=\"(max-width: 1400px) 100vw, 1400px\" \/><figcaption id=\"caption-attachment-4998\" class=\"wp-caption-text\">C\u00f4te pr\u00e8s de Pelekas<\/figcaption><\/figure>\n<p class=\"p1\">Apr\u00e8s une mont\u00e9e abrupte, nous quittons la c\u00f4te et atteignons le village de Vatos. Nous continuons \u00e0 marcher \u00e0 travers la plaine marqu\u00e9e par la rivi\u00e8re Ropa, jusqu'\u00e0 ce que nous arrivions enfin \u00e0 l'ancien village de Liapades.<\/p>\n<figure id=\"attachment_4999\" aria-describedby=\"caption-attachment-4999\" style=\"width: 1400px\" class=\"wp-caption alignnone\"><img loading=\"lazy\" decoding=\"async\" class=\"size-full wp-image-4999\" src=\"https:\/\/juergenputz.com\/wp-content\/uploads\/2024\/08\/Wanderung-durch-die-Ebene-des-Ropa.jpg\" alt=\"\" width=\"1400\" height=\"646\" srcset=\"https:\/\/juergenputz.com\/wp-content\/uploads\/2024\/08\/Wanderung-durch-die-Ebene-des-Ropa.jpg 1400w, https:\/\/juergenputz.com\/wp-content\/uploads\/2024\/08\/Wanderung-durch-die-Ebene-des-Ropa-300x138.jpg 300w, https:\/\/juergenputz.com\/wp-content\/uploads\/2024\/08\/Wanderung-durch-die-Ebene-des-Ropa-1024x473.jpg 1024w, https:\/\/juergenputz.com\/wp-content\/uploads\/2024\/08\/Wanderung-durch-die-Ebene-des-Ropa-768x354.jpg 768w, https:\/\/juergenputz.com\/wp-content\/uploads\/2024\/08\/Wanderung-durch-die-Ebene-des-Ropa-800x369.jpg 800w, https:\/\/juergenputz.com\/wp-content\/uploads\/2024\/08\/Wanderung-durch-die-Ebene-des-Ropa-600x277.jpg 600w\" sizes=\"(max-width: 1400px) 100vw, 1400px\" \/><figcaption id=\"caption-attachment-4999\" class=\"wp-caption-text\">Randonn\u00e9e dans la plaine du Ropa<\/figcaption><\/figure>\n<p>\u00a0<\/p>\n<p class=\"p1\">De l\u00e0, nous descendons jusqu'\u00e0 notre h\u00e9bergement, qui se trouve au bord d'une tr\u00e8s belle baie.<\/p>\n<figure id=\"attachment_5000\" aria-describedby=\"caption-attachment-5000\" style=\"width: 1400px\" class=\"wp-caption alignnone\"><img loading=\"lazy\" decoding=\"async\" class=\"size-full wp-image-5000\" src=\"https:\/\/juergenputz.com\/wp-content\/uploads\/2024\/08\/Bucht-bei-Lipades.jpg\" alt=\"\" width=\"1400\" height=\"754\" srcset=\"https:\/\/juergenputz.com\/wp-content\/uploads\/2024\/08\/Bucht-bei-Lipades.jpg 1400w, https:\/\/juergenputz.com\/wp-content\/uploads\/2024\/08\/Bucht-bei-Lipades-300x162.jpg 300w, https:\/\/juergenputz.com\/wp-content\/uploads\/2024\/08\/Bucht-bei-Lipades-1024x551.jpg 1024w, https:\/\/juergenputz.com\/wp-content\/uploads\/2024\/08\/Bucht-bei-Lipades-768x414.jpg 768w, https:\/\/juergenputz.com\/wp-content\/uploads\/2024\/08\/Bucht-bei-Lipades-800x431.jpg 800w, https:\/\/juergenputz.com\/wp-content\/uploads\/2024\/08\/Bucht-bei-Lipades-600x323.jpg 600w\" sizes=\"(max-width: 1400px) 100vw, 1400px\" \/><figcaption id=\"caption-attachment-5000\" class=\"wp-caption-text\">Baie pr\u00e8s de Liapades<\/figcaption><\/figure>\n<p>\u00a0<\/p>\n<p>La journ\u00e9e commence par une mont\u00e9e raide.\u00a0<\/p>\n<figure id=\"attachment_5005\" aria-describedby=\"caption-attachment-5005\" style=\"width: 394px\" class=\"wp-caption alignnone\"><img loading=\"lazy\" decoding=\"async\" class=\"size-full wp-image-5005\" src=\"https:\/\/juergenputz.com\/wp-content\/uploads\/2024\/08\/Aufstieg-Lipiades.jpg\" alt=\"\" width=\"394\" height=\"700\" srcset=\"https:\/\/juergenputz.com\/wp-content\/uploads\/2024\/08\/Aufstieg-Lipiades.jpg 394w, https:\/\/juergenputz.com\/wp-content\/uploads\/2024\/08\/Aufstieg-Lipiades-169x300.jpg 169w\" sizes=\"(max-width: 394px) 100vw, 394px\" \/><figcaption id=\"caption-attachment-5005\" class=\"wp-caption-text\">Mont\u00e9e \u00e0 Liapades<\/figcaption><\/figure>\n<p>\u00a0<\/p>\n<h3>Angelokastro<\/h3>\n<p class=\"p1\">Nous quittons ensuite le chemin officiel pour faire un d\u00e9tour par ce qui est peut-\u00eatre le plus beau vieux sentier pav\u00e9 de Corfou, jusqu'aux ruines du ch\u00e2teau byzantin d'Angelokastro.<\/p>\n<figure id=\"attachment_5010\" aria-describedby=\"caption-attachment-5010\" style=\"width: 1400px\" class=\"wp-caption alignnone\"><img loading=\"lazy\" decoding=\"async\" class=\"size-full wp-image-5010\" src=\"https:\/\/juergenputz.com\/wp-content\/uploads\/2024\/08\/Angelokastro.jpg\" alt=\"\" width=\"1400\" height=\"933\" srcset=\"https:\/\/juergenputz.com\/wp-content\/uploads\/2024\/08\/Angelokastro.jpg 1400w, https:\/\/juergenputz.com\/wp-content\/uploads\/2024\/08\/Angelokastro-300x200.jpg 300w, https:\/\/juergenputz.com\/wp-content\/uploads\/2024\/08\/Angelokastro-1024x682.jpg 1024w, https:\/\/juergenputz.com\/wp-content\/uploads\/2024\/08\/Angelokastro-768x512.jpg 768w, https:\/\/juergenputz.com\/wp-content\/uploads\/2024\/08\/Angelokastro-800x533.jpg 800w, https:\/\/juergenputz.com\/wp-content\/uploads\/2024\/08\/Angelokastro-600x400.jpg 600w\" sizes=\"(max-width: 1400px) 100vw, 1400px\" \/><figcaption id=\"caption-attachment-5010\" class=\"wp-caption-text\">La forteresse byzantine d'Angelokastro<\/figcaption><\/figure>\n<p>Depuis la forteresse, on a une vue fantastique sur la c\u00f4te.<\/p>\n<figure id=\"attachment_5011\" aria-describedby=\"caption-attachment-5011\" style=\"width: 1400px\" class=\"wp-caption alignnone\"><img loading=\"lazy\" decoding=\"async\" class=\"size-full wp-image-5011\" src=\"https:\/\/juergenputz.com\/wp-content\/uploads\/2024\/08\/Ausblick-Angelokastro.jpg\" alt=\"\" width=\"1400\" height=\"934\" srcset=\"https:\/\/juergenputz.com\/wp-content\/uploads\/2024\/08\/Ausblick-Angelokastro.jpg 1400w, https:\/\/juergenputz.com\/wp-content\/uploads\/2024\/08\/Ausblick-Angelokastro-300x200.jpg 300w, https:\/\/juergenputz.com\/wp-content\/uploads\/2024\/08\/Ausblick-Angelokastro-1024x683.jpg 1024w, https:\/\/juergenputz.com\/wp-content\/uploads\/2024\/08\/Ausblick-Angelokastro-768x512.jpg 768w, https:\/\/juergenputz.com\/wp-content\/uploads\/2024\/08\/Ausblick-Angelokastro-800x534.jpg 800w, https:\/\/juergenputz.com\/wp-content\/uploads\/2024\/08\/Ausblick-Angelokastro-600x400.jpg 600w\" sizes=\"(max-width: 1400px) 100vw, 1400px\" \/><figcaption id=\"caption-attachment-5011\" class=\"wp-caption-text\">Vue depuis la forteresse d'Angelokastro<\/figcaption><\/figure>\n<p>\u00a0<\/p>\n<p>Nous continuons vers le petit village perch\u00e9 de Krini et sa tr\u00e8s belle place de march\u00e9.<\/p>\n<figure id=\"attachment_5016\" aria-describedby=\"caption-attachment-5016\" style=\"width: 1400px\" class=\"wp-caption alignnone\"><img loading=\"lazy\" decoding=\"async\" class=\"size-full wp-image-5016\" src=\"https:\/\/juergenputz.com\/wp-content\/uploads\/2024\/08\/Krini.jpg\" alt=\"\" width=\"1400\" height=\"515\" srcset=\"https:\/\/juergenputz.com\/wp-content\/uploads\/2024\/08\/Krini.jpg 1400w, https:\/\/juergenputz.com\/wp-content\/uploads\/2024\/08\/Krini-300x110.jpg 300w, https:\/\/juergenputz.com\/wp-content\/uploads\/2024\/08\/Krini-1024x377.jpg 1024w, https:\/\/juergenputz.com\/wp-content\/uploads\/2024\/08\/Krini-768x283.jpg 768w, https:\/\/juergenputz.com\/wp-content\/uploads\/2024\/08\/Krini-800x294.jpg 800w, https:\/\/juergenputz.com\/wp-content\/uploads\/2024\/08\/Krini-600x221.jpg 600w\" sizes=\"(max-width: 1400px) 100vw, 1400px\" \/><figcaption id=\"caption-attachment-5016\" class=\"wp-caption-text\">La place du march\u00e9 de Krini<\/figcaption><\/figure>\n<p>\u00a0<\/p>\n<p class=\"p2\">Wir durchqueren das Dorf Makrades und erreichen schlie\u00dflich wieder die Westk\u00fcste und genie\u00dfen einen herrlichen Blick auf die Bucht von Agios Georgios \u2013 Pagon mit ihrem etwas 3 km langen Sandstrand, unser Ziel nach dieser langen Wanderung.<\/p>\n<figure id=\"attachment_5021\" aria-describedby=\"caption-attachment-5021\" style=\"width: 1400px\" class=\"wp-caption alignnone\"><img loading=\"lazy\" decoding=\"async\" class=\"size-full wp-image-5021\" src=\"https:\/\/juergenputz.com\/wp-content\/uploads\/2024\/08\/Blick-auf-Agios-Georgios-Pagon.jpg\" alt=\"\" width=\"1400\" height=\"788\" srcset=\"https:\/\/juergenputz.com\/wp-content\/uploads\/2024\/08\/Blick-auf-Agios-Georgios-Pagon.jpg 1400w, https:\/\/juergenputz.com\/wp-content\/uploads\/2024\/08\/Blick-auf-Agios-Georgios-Pagon-300x169.jpg 300w, https:\/\/juergenputz.com\/wp-content\/uploads\/2024\/08\/Blick-auf-Agios-Georgios-Pagon-1024x576.jpg 1024w, https:\/\/juergenputz.com\/wp-content\/uploads\/2024\/08\/Blick-auf-Agios-Georgios-Pagon-768x432.jpg 768w, https:\/\/juergenputz.com\/wp-content\/uploads\/2024\/08\/Blick-auf-Agios-Georgios-Pagon-800x450.jpg 800w, https:\/\/juergenputz.com\/wp-content\/uploads\/2024\/08\/Blick-auf-Agios-Georgios-Pagon-600x338.jpg 600w\" sizes=\"(max-width: 1400px) 100vw, 1400px\" \/><figcaption id=\"caption-attachment-5021\" class=\"wp-caption-text\">Blick auf die Bucht von Agios Georgios \u2013 Pagon<\/figcaption><\/figure>\n<figure id=\"attachment_5025\" aria-describedby=\"caption-attachment-5025\" style=\"width: 1400px\" class=\"wp-caption alignnone\"><img loading=\"lazy\" decoding=\"async\" class=\"size-full wp-image-5025\" src=\"https:\/\/juergenputz.com\/wp-content\/uploads\/2024\/08\/Agios-Georgios.jpg\" alt=\"\" width=\"1400\" height=\"787\" srcset=\"https:\/\/juergenputz.com\/wp-content\/uploads\/2024\/08\/Agios-Georgios.jpg 1400w, https:\/\/juergenputz.com\/wp-content\/uploads\/2024\/08\/Agios-Georgios-300x169.jpg 300w, https:\/\/juergenputz.com\/wp-content\/uploads\/2024\/08\/Agios-Georgios-1024x576.jpg 1024w, https:\/\/juergenputz.com\/wp-content\/uploads\/2024\/08\/Agios-Georgios-768x432.jpg 768w, https:\/\/juergenputz.com\/wp-content\/uploads\/2024\/08\/Agios-Georgios-800x450.jpg 800w, https:\/\/juergenputz.com\/wp-content\/uploads\/2024\/08\/Agios-Georgios-600x337.jpg 600w\" sizes=\"(max-width: 1400px) 100vw, 1400px\" \/><figcaption id=\"caption-attachment-5025\" class=\"wp-caption-text\">Die Bucht von Agios Georgios \u2013 Pagon<\/figcaption><\/figure>\n<p>\u00a0<\/p>\n<h3>Pagi \u2013 For Your Eyes Only<\/h3>\n<p class=\"p2\">Der n\u00e4chste Tag startet mit einem steilen Aufstieg von Agios Georgios. Kurz vor dem kleinen Dorf Pagi laufen wir an einem alten Wrack eines Busses vorbei, der hier einmal eine ganz besondere Rolle in einem Film spielte. Er wurde n\u00e4mlich in dem Film James Bond \u2013 For Your Eyes Only (1981) genutzt.<\/p>\n<figure id=\"attachment_5030\" aria-describedby=\"caption-attachment-5030\" style=\"width: 1400px\" class=\"wp-caption alignnone\"><img loading=\"lazy\" decoding=\"async\" class=\"size-full wp-image-5030\" src=\"https:\/\/juergenputz.com\/wp-content\/uploads\/2024\/08\/Bus-james-Bond.jpg\" alt=\"\" width=\"1400\" height=\"1050\" srcset=\"https:\/\/juergenputz.com\/wp-content\/uploads\/2024\/08\/Bus-james-Bond.jpg 1400w, https:\/\/juergenputz.com\/wp-content\/uploads\/2024\/08\/Bus-james-Bond-300x225.jpg 300w, https:\/\/juergenputz.com\/wp-content\/uploads\/2024\/08\/Bus-james-Bond-1024x768.jpg 1024w, https:\/\/juergenputz.com\/wp-content\/uploads\/2024\/08\/Bus-james-Bond-768x576.jpg 768w, https:\/\/juergenputz.com\/wp-content\/uploads\/2024\/08\/Bus-james-Bond-800x600.jpg 800w, https:\/\/juergenputz.com\/wp-content\/uploads\/2024\/08\/Bus-james-Bond-600x450.jpg 600w\" sizes=\"(max-width: 1400px) 100vw, 1400px\" \/><figcaption id=\"caption-attachment-5030\" class=\"wp-caption-text\">Der Bus aus dem James Bond \u201c For Your Eyes Only\u201c<\/figcaption><\/figure>\n<p>\u00a0<\/p>\n<p class=\"p2\">Les fans se souviennent encore de la sc\u00e8ne o\u00f9 James Bond (Roger Moore) et Melina Havelock (Carole Bouquet) \u00e9chappent \u00e0 leurs poursuivants au volant d'une Citro\u00ebn 2CV (canard) jaune dans une course folle \u00e0 travers les oliveraies. La cascade la plus m\u00e9morable est sans doute celle du carrefour o\u00f9 la Citro\u00ebn se renverse alors que les poursuivants de Bond sont coinc\u00e9s derri\u00e8re ce bus.<\/p>\n<p class=\"p2\">Dans le film, ces sc\u00e8nes se d\u00e9roulent en Espagne, mais en r\u00e9alit\u00e9, c'est la petite ville de Page qui a \u00e9t\u00e9 le th\u00e9\u00e2tre du tournage.<span class=\"Apple-converted-space\">\u00a0 \u00a0<\/span><\/p>\n<p class=\"p2\">Jimmys Taverne, die \u201eSpiros Bond 007 Caf\u00e9\u201c hei\u00dft, liegt direkt daneben und erinnert heute mit zahlreichen Erinnerungsst\u00fccken an diesen sicher aufregenden Tag in diesem kleinen Dorf.<\/p>\n<figure id=\"attachment_5031\" aria-describedby=\"caption-attachment-5031\" style=\"width: 1400px\" class=\"wp-caption alignnone\"><img loading=\"lazy\" decoding=\"async\" class=\"size-full wp-image-5031\" src=\"https:\/\/juergenputz.com\/wp-content\/uploads\/2024\/08\/Spiros-Cafe.jpg\" alt=\"\" width=\"1400\" height=\"788\" srcset=\"https:\/\/juergenputz.com\/wp-content\/uploads\/2024\/08\/Spiros-Cafe.jpg 1400w, https:\/\/juergenputz.com\/wp-content\/uploads\/2024\/08\/Spiros-Cafe-300x169.jpg 300w, https:\/\/juergenputz.com\/wp-content\/uploads\/2024\/08\/Spiros-Cafe-1024x576.jpg 1024w, https:\/\/juergenputz.com\/wp-content\/uploads\/2024\/08\/Spiros-Cafe-768x432.jpg 768w, https:\/\/juergenputz.com\/wp-content\/uploads\/2024\/08\/Spiros-Cafe-800x450.jpg 800w, https:\/\/juergenputz.com\/wp-content\/uploads\/2024\/08\/Spiros-Cafe-600x338.jpg 600w\" sizes=\"(max-width: 1400px) 100vw, 1400px\" \/><figcaption id=\"caption-attachment-5031\" class=\"wp-caption-text\">Spiros Bond 007 Caf\u00e9<\/figcaption><\/figure>\n<p>Cette courte \u00e9tape se poursuit \u00e0 travers un paysage marqu\u00e9 par l'\u00e9conomie agricole jusqu'\u00e0 Rekini, puis en taxi jusqu'\u00e0 Roda, notre lieu d'h\u00e9bergement sur la c\u00f4te nord.\u00a0<\/p>\n<figure id=\"attachment_5035\" aria-describedby=\"caption-attachment-5035\" style=\"width: 1400px\" class=\"wp-caption alignnone\"><img loading=\"lazy\" decoding=\"async\" class=\"size-full wp-image-5035\" src=\"https:\/\/juergenputz.com\/wp-content\/uploads\/2024\/08\/Strand-bei-Roda.jpg\" alt=\"\" width=\"1400\" height=\"646\" srcset=\"https:\/\/juergenputz.com\/wp-content\/uploads\/2024\/08\/Strand-bei-Roda.jpg 1400w, https:\/\/juergenputz.com\/wp-content\/uploads\/2024\/08\/Strand-bei-Roda-300x138.jpg 300w, https:\/\/juergenputz.com\/wp-content\/uploads\/2024\/08\/Strand-bei-Roda-1024x473.jpg 1024w, https:\/\/juergenputz.com\/wp-content\/uploads\/2024\/08\/Strand-bei-Roda-768x354.jpg 768w, https:\/\/juergenputz.com\/wp-content\/uploads\/2024\/08\/Strand-bei-Roda-800x369.jpg 800w, https:\/\/juergenputz.com\/wp-content\/uploads\/2024\/08\/Strand-bei-Roda-600x277.jpg 600w\" sizes=\"(max-width: 1400px) 100vw, 1400px\" \/><figcaption id=\"caption-attachment-5035\" class=\"wp-caption-text\">Plage pr\u00e8s de Roda<\/figcaption><\/figure>\n<p>\u00a0<\/p>\n<p class=\"p1\">De retour sur notre chemin \u00e0 Rekini, nous traversons le nord-est sauvage de Corfou jusqu'\u00e0 Valanion et Sokraki.<\/p>\n<figure id=\"attachment_5040\" aria-describedby=\"caption-attachment-5040\" style=\"width: 1400px\" class=\"wp-caption alignnone\"><img loading=\"lazy\" decoding=\"async\" class=\"size-full wp-image-5040\" src=\"https:\/\/juergenputz.com\/wp-content\/uploads\/2024\/08\/Wilde-Pfade-im-Nordosten.jpg\" alt=\"\" width=\"1400\" height=\"787\" srcset=\"https:\/\/juergenputz.com\/wp-content\/uploads\/2024\/08\/Wilde-Pfade-im-Nordosten.jpg 1400w, https:\/\/juergenputz.com\/wp-content\/uploads\/2024\/08\/Wilde-Pfade-im-Nordosten-300x169.jpg 300w, https:\/\/juergenputz.com\/wp-content\/uploads\/2024\/08\/Wilde-Pfade-im-Nordosten-1024x576.jpg 1024w, https:\/\/juergenputz.com\/wp-content\/uploads\/2024\/08\/Wilde-Pfade-im-Nordosten-768x432.jpg 768w, https:\/\/juergenputz.com\/wp-content\/uploads\/2024\/08\/Wilde-Pfade-im-Nordosten-800x450.jpg 800w, https:\/\/juergenputz.com\/wp-content\/uploads\/2024\/08\/Wilde-Pfade-im-Nordosten-600x337.jpg 600w\" sizes=\"(max-width: 1400px) 100vw, 1400px\" \/><figcaption id=\"caption-attachment-5040\" class=\"wp-caption-text\">Sentiers sauvages du nord-est<\/figcaption><\/figure>\n<p>\u00a0<\/p>\n<figure id=\"attachment_5041\" aria-describedby=\"caption-attachment-5041\" style=\"width: 1400px\" class=\"wp-caption alignnone\"><img loading=\"lazy\" decoding=\"async\" class=\"size-full wp-image-5041\" src=\"https:\/\/juergenputz.com\/wp-content\/uploads\/2024\/08\/Wanderung-durch-hohes-Gras.jpg\" alt=\"\" width=\"1400\" height=\"788\" srcset=\"https:\/\/juergenputz.com\/wp-content\/uploads\/2024\/08\/Wanderung-durch-hohes-Gras.jpg 1400w, https:\/\/juergenputz.com\/wp-content\/uploads\/2024\/08\/Wanderung-durch-hohes-Gras-300x169.jpg 300w, https:\/\/juergenputz.com\/wp-content\/uploads\/2024\/08\/Wanderung-durch-hohes-Gras-1024x576.jpg 1024w, https:\/\/juergenputz.com\/wp-content\/uploads\/2024\/08\/Wanderung-durch-hohes-Gras-768x432.jpg 768w, https:\/\/juergenputz.com\/wp-content\/uploads\/2024\/08\/Wanderung-durch-hohes-Gras-800x450.jpg 800w, https:\/\/juergenputz.com\/wp-content\/uploads\/2024\/08\/Wanderung-durch-hohes-Gras-600x338.jpg 600w\" sizes=\"(max-width: 1400px) 100vw, 1400px\" \/><figcaption id=\"caption-attachment-5041\" class=\"wp-caption-text\">Randonn\u00e9e dans les hautes herbes<\/figcaption><\/figure>\n<p>\u00a0<\/p>\n<p class=\"p1\">Puis nous arrivons \u00e0 Spartillas et <span class=\"Apple-converted-space\">\u00a0<\/span>enfin la destination finale d'aujourd'hui, la petite station baln\u00e9aire de Barbati sur la c\u00f4te nord-est de Corfou. La mer y est tr\u00e8s propre et la plage offre de nombreuses tavernes et, le soir, une belle vue sur les lumi\u00e8res de la c\u00f4te oppos\u00e9e de Butrint (Albanie).<\/p>\n<p>\u00a0<\/p>\n<figure id=\"attachment_5046\" aria-describedby=\"caption-attachment-5046\" style=\"width: 1400px\" class=\"wp-caption alignnone\"><img loading=\"lazy\" decoding=\"async\" class=\"size-full wp-image-5046\" src=\"https:\/\/juergenputz.com\/wp-content\/uploads\/2024\/08\/Abendstimmung-in-Butrint.jpg\" alt=\"\" width=\"1400\" height=\"788\" srcset=\"https:\/\/juergenputz.com\/wp-content\/uploads\/2024\/08\/Abendstimmung-in-Butrint.jpg 1400w, https:\/\/juergenputz.com\/wp-content\/uploads\/2024\/08\/Abendstimmung-in-Butrint-300x169.jpg 300w, https:\/\/juergenputz.com\/wp-content\/uploads\/2024\/08\/Abendstimmung-in-Butrint-1024x576.jpg 1024w, https:\/\/juergenputz.com\/wp-content\/uploads\/2024\/08\/Abendstimmung-in-Butrint-768x432.jpg 768w, https:\/\/juergenputz.com\/wp-content\/uploads\/2024\/08\/Abendstimmung-in-Butrint-800x450.jpg 800w, https:\/\/juergenputz.com\/wp-content\/uploads\/2024\/08\/Abendstimmung-in-Butrint-600x338.jpg 600w\" sizes=\"(max-width: 1400px) 100vw, 1400px\" \/><figcaption id=\"caption-attachment-5046\" class=\"wp-caption-text\">Ambiance du soir \u00e0 Barbati<\/figcaption><\/figure>\n<p>\u00a0<\/p>\n<h3>Le Pancrace<\/h3>\n<p>Le dernier jour de la randonn\u00e9e, c'est l'\u00e9tape la plus longue et la plus difficile qui nous attend (24 km +650m, -1000m).<\/p>\n<p class=\"p1\">Zuerst geht\u2019s in etwa 45 Minuten hoch nach einem wundersch\u00f6nen Aussichtspunkt bei der Taxiarchis Kapelle.<\/p>\n<figure id=\"attachment_5054\" aria-describedby=\"caption-attachment-5054\" style=\"width: 900px\" class=\"wp-caption alignnone\"><img loading=\"lazy\" decoding=\"async\" class=\"size-full wp-image-5054\" src=\"https:\/\/juergenputz.com\/wp-content\/uploads\/2024\/08\/Ausblick-auf-Albanien.jpg\" alt=\"\" width=\"900\" height=\"1200\" srcset=\"https:\/\/juergenputz.com\/wp-content\/uploads\/2024\/08\/Ausblick-auf-Albanien.jpg 900w, https:\/\/juergenputz.com\/wp-content\/uploads\/2024\/08\/Ausblick-auf-Albanien-225x300.jpg 225w, https:\/\/juergenputz.com\/wp-content\/uploads\/2024\/08\/Ausblick-auf-Albanien-768x1024.jpg 768w, https:\/\/juergenputz.com\/wp-content\/uploads\/2024\/08\/Ausblick-auf-Albanien-800x1067.jpg 800w, https:\/\/juergenputz.com\/wp-content\/uploads\/2024\/08\/Ausblick-auf-Albanien-600x800.jpg 600w\" sizes=\"(max-width: 900px) 100vw, 900px\" \/><figcaption id=\"caption-attachment-5054\" class=\"wp-caption-text\">Point de vue pr\u00e8s de la chapelle Taxiarchis<\/figcaption><\/figure>\n<p class=\"p1\">De l\u00e0, on a une vue grandiose sur le d\u00e9troit de Corfou, l'Albanie et la c\u00f4te au large de Butrint.\u00a0<\/p>\n<p><img loading=\"lazy\" decoding=\"async\" class=\"alignnone size-full wp-image-5056\" src=\"https:\/\/juergenputz.com\/wp-content\/uploads\/2024\/08\/Ausblick-auf-Nordostkueste.jpg\" alt=\"\" width=\"1400\" height=\"1050\" srcset=\"https:\/\/juergenputz.com\/wp-content\/uploads\/2024\/08\/Ausblick-auf-Nordostkueste.jpg 1400w, https:\/\/juergenputz.com\/wp-content\/uploads\/2024\/08\/Ausblick-auf-Nordostkueste-300x225.jpg 300w, https:\/\/juergenputz.com\/wp-content\/uploads\/2024\/08\/Ausblick-auf-Nordostkueste-1024x768.jpg 1024w, https:\/\/juergenputz.com\/wp-content\/uploads\/2024\/08\/Ausblick-auf-Nordostkueste-768x576.jpg 768w, https:\/\/juergenputz.com\/wp-content\/uploads\/2024\/08\/Ausblick-auf-Nordostkueste-800x600.jpg 800w, https:\/\/juergenputz.com\/wp-content\/uploads\/2024\/08\/Ausblick-auf-Nordostkueste-600x450.jpg 600w\" sizes=\"(max-width: 1400px) 100vw, 1400px\" \/><\/p>\n<p>\u00a0<\/p>\n<p>Nous continuons sur un haut plateau tr\u00e8s rocheux.<\/p>\n<figure id=\"attachment_5057\" aria-describedby=\"caption-attachment-5057\" style=\"width: 1400px\" class=\"wp-caption alignnone\"><img loading=\"lazy\" decoding=\"async\" class=\"size-full wp-image-5057\" src=\"https:\/\/juergenputz.com\/wp-content\/uploads\/2024\/08\/Das-Hochplateau.jpg\" alt=\"\" width=\"1400\" height=\"788\" srcset=\"https:\/\/juergenputz.com\/wp-content\/uploads\/2024\/08\/Das-Hochplateau.jpg 1400w, https:\/\/juergenputz.com\/wp-content\/uploads\/2024\/08\/Das-Hochplateau-300x169.jpg 300w, https:\/\/juergenputz.com\/wp-content\/uploads\/2024\/08\/Das-Hochplateau-1024x576.jpg 1024w, https:\/\/juergenputz.com\/wp-content\/uploads\/2024\/08\/Das-Hochplateau-768x432.jpg 768w, https:\/\/juergenputz.com\/wp-content\/uploads\/2024\/08\/Das-Hochplateau-800x450.jpg 800w, https:\/\/juergenputz.com\/wp-content\/uploads\/2024\/08\/Das-Hochplateau-600x338.jpg 600w\" sizes=\"(max-width: 1400px) 100vw, 1400px\" \/><figcaption id=\"caption-attachment-5057\" class=\"wp-caption-text\">Le plateau tr\u00e8s rocheux<\/figcaption><\/figure>\n<p>\u00a0<\/p>\n<p>Au loin, nous pouvons d\u00e9j\u00e0 voir le sommet du Pantokrator, la plus haute montagne de Corfou.\u00a0\u00a0<\/p>\n<figure id=\"attachment_5058\" aria-describedby=\"caption-attachment-5058\" style=\"width: 1400px\" class=\"wp-caption alignnone\"><img loading=\"lazy\" decoding=\"async\" class=\"size-full wp-image-5058\" src=\"https:\/\/juergenputz.com\/wp-content\/uploads\/2024\/08\/Blick-auf-Pankrator.jpg\" alt=\"\" width=\"1400\" height=\"788\" srcset=\"https:\/\/juergenputz.com\/wp-content\/uploads\/2024\/08\/Blick-auf-Pankrator.jpg 1400w, https:\/\/juergenputz.com\/wp-content\/uploads\/2024\/08\/Blick-auf-Pankrator-300x169.jpg 300w, https:\/\/juergenputz.com\/wp-content\/uploads\/2024\/08\/Blick-auf-Pankrator-1024x576.jpg 1024w, https:\/\/juergenputz.com\/wp-content\/uploads\/2024\/08\/Blick-auf-Pankrator-768x432.jpg 768w, https:\/\/juergenputz.com\/wp-content\/uploads\/2024\/08\/Blick-auf-Pankrator-800x450.jpg 800w, https:\/\/juergenputz.com\/wp-content\/uploads\/2024\/08\/Blick-auf-Pankrator-600x338.jpg 600w\" sizes=\"(max-width: 1400px) 100vw, 1400px\" \/><figcaption id=\"caption-attachment-5058\" class=\"wp-caption-text\">Vue sur Pankrator<\/figcaption><\/figure>\n<p>\u00a0<\/p>\n<p>Le chemin qui m\u00e8ne au sommet ne fait pas partie du sentier officiel de Corfou, mais nous l'escaladons tout de m\u00eame. Apr\u00e8s environ 40 minutes, nous sommes en haut et avons \u00e0 nouveau une tr\u00e8s belle vue, mais d'innombrables antennes sont install\u00e9es au sommet, ce qui perturbe l'exp\u00e9rience d'\u00eatre ici sur le toit de Corfou.<\/p>\n<figure id=\"attachment_5063\" aria-describedby=\"caption-attachment-5063\" style=\"width: 1400px\" class=\"wp-caption alignnone\"><img loading=\"lazy\" decoding=\"async\" class=\"size-full wp-image-5063\" src=\"https:\/\/juergenputz.com\/wp-content\/uploads\/2024\/08\/Auf-dem-Gipfel-des-Pankrator.jpg\" alt=\"\" width=\"1400\" height=\"933\" srcset=\"https:\/\/juergenputz.com\/wp-content\/uploads\/2024\/08\/Auf-dem-Gipfel-des-Pankrator.jpg 1400w, https:\/\/juergenputz.com\/wp-content\/uploads\/2024\/08\/Auf-dem-Gipfel-des-Pankrator-300x200.jpg 300w, https:\/\/juergenputz.com\/wp-content\/uploads\/2024\/08\/Auf-dem-Gipfel-des-Pankrator-1024x682.jpg 1024w, https:\/\/juergenputz.com\/wp-content\/uploads\/2024\/08\/Auf-dem-Gipfel-des-Pankrator-768x512.jpg 768w, https:\/\/juergenputz.com\/wp-content\/uploads\/2024\/08\/Auf-dem-Gipfel-des-Pankrator-800x533.jpg 800w, https:\/\/juergenputz.com\/wp-content\/uploads\/2024\/08\/Auf-dem-Gipfel-des-Pankrator-600x400.jpg 600w\" sizes=\"(max-width: 1400px) 100vw, 1400px\" \/><figcaption id=\"caption-attachment-5063\" class=\"wp-caption-text\">Sommet du Pancrator<\/figcaption><\/figure>\n<p>\u00a0<\/p>\n<p>La descente du sommet se fait d'abord par un chemin caillouteux, mais la v\u00e9g\u00e9tation devient peu \u00e0 peu plus dense.<\/p>\n<figure id=\"attachment_5071\" aria-describedby=\"caption-attachment-5071\" style=\"width: 1400px\" class=\"wp-caption alignnone\"><img loading=\"lazy\" decoding=\"async\" class=\"size-full wp-image-5071\" src=\"https:\/\/juergenputz.com\/wp-content\/uploads\/2024\/08\/Abstieg-vom-Pankrator.jpg\" alt=\"\" width=\"1400\" height=\"788\" srcset=\"https:\/\/juergenputz.com\/wp-content\/uploads\/2024\/08\/Abstieg-vom-Pankrator.jpg 1400w, https:\/\/juergenputz.com\/wp-content\/uploads\/2024\/08\/Abstieg-vom-Pankrator-300x169.jpg 300w, https:\/\/juergenputz.com\/wp-content\/uploads\/2024\/08\/Abstieg-vom-Pankrator-1024x576.jpg 1024w, https:\/\/juergenputz.com\/wp-content\/uploads\/2024\/08\/Abstieg-vom-Pankrator-768x432.jpg 768w, https:\/\/juergenputz.com\/wp-content\/uploads\/2024\/08\/Abstieg-vom-Pankrator-800x450.jpg 800w, https:\/\/juergenputz.com\/wp-content\/uploads\/2024\/08\/Abstieg-vom-Pankrator-600x338.jpg 600w\" sizes=\"(max-width: 1400px) 100vw, 1400px\" \/><figcaption id=\"caption-attachment-5071\" class=\"wp-caption-text\">Descente du Pancrator<\/figcaption><\/figure>\n<p>\u00a0<\/p>\n<h3>Paleo Perithia<\/h3>\n<p>Nous arrivons enfin au vieux village de montagne de Paleo Perithia.<\/p>\n<figure id=\"attachment_5072\" aria-describedby=\"caption-attachment-5072\" style=\"width: 1400px\" class=\"wp-caption alignnone\"><img loading=\"lazy\" decoding=\"async\" class=\"size-full wp-image-5072\" src=\"https:\/\/juergenputz.com\/wp-content\/uploads\/2024\/08\/Hof-in-Paleo-Perithia.jpg\" alt=\"\" width=\"1400\" height=\"788\" srcset=\"https:\/\/juergenputz.com\/wp-content\/uploads\/2024\/08\/Hof-in-Paleo-Perithia.jpg 1400w, https:\/\/juergenputz.com\/wp-content\/uploads\/2024\/08\/Hof-in-Paleo-Perithia-300x169.jpg 300w, https:\/\/juergenputz.com\/wp-content\/uploads\/2024\/08\/Hof-in-Paleo-Perithia-1024x576.jpg 1024w, https:\/\/juergenputz.com\/wp-content\/uploads\/2024\/08\/Hof-in-Paleo-Perithia-768x432.jpg 768w, https:\/\/juergenputz.com\/wp-content\/uploads\/2024\/08\/Hof-in-Paleo-Perithia-800x450.jpg 800w, https:\/\/juergenputz.com\/wp-content\/uploads\/2024\/08\/Hof-in-Paleo-Perithia-600x338.jpg 600w\" sizes=\"(max-width: 1400px) 100vw, 1400px\" \/><figcaption id=\"caption-attachment-5072\" class=\"wp-caption-text\">Ferme \u00e0 Paleo Perithia<\/figcaption><\/figure>\n<p>Le village historique de Per\u00edthia, class\u00e9 monument historique, est le plus ancien village habit\u00e9 en permanence \u00e0 Corfou, dont les origines remontent au 14e si\u00e8cle. Au milieu du 17e si\u00e8cle, les habitants y \u00e9taient tr\u00e8s prosp\u00e8res, mais vers 1960, le village \u00e9tait abandonn\u00e9, les gens pr\u00e9f\u00e9rant vivre sur la c\u00f4te. Mais depuis quelques ann\u00e9es, on y trouve \u00e0 nouveau quelques tr\u00e8s belles maisons d'h\u00f4tes et tavernes et le village est devenu une destination touristique connue.\u00a0<\/p>\n<p>De l\u00e0, nous continuons \u00e0 descendre le long d'un chemin forestier jusqu'\u00e0 ce que nous atteignions finalement la r\u00e9gion c\u00f4ti\u00e8re du nord.\u00a0<\/p>\n<figure id=\"attachment_5077\" aria-describedby=\"caption-attachment-5077\" style=\"width: 1400px\" class=\"wp-caption alignnone\"><img loading=\"lazy\" decoding=\"async\" class=\"size-full wp-image-5077\" src=\"https:\/\/juergenputz.com\/wp-content\/uploads\/2024\/08\/Einsame-Bucht-Nordkueste.jpg\" alt=\"\" width=\"1400\" height=\"787\" srcset=\"https:\/\/juergenputz.com\/wp-content\/uploads\/2024\/08\/Einsame-Bucht-Nordkueste.jpg 1400w, https:\/\/juergenputz.com\/wp-content\/uploads\/2024\/08\/Einsame-Bucht-Nordkueste-300x169.jpg 300w, https:\/\/juergenputz.com\/wp-content\/uploads\/2024\/08\/Einsame-Bucht-Nordkueste-1024x576.jpg 1024w, https:\/\/juergenputz.com\/wp-content\/uploads\/2024\/08\/Einsame-Bucht-Nordkueste-768x432.jpg 768w, https:\/\/juergenputz.com\/wp-content\/uploads\/2024\/08\/Einsame-Bucht-Nordkueste-800x450.jpg 800w, https:\/\/juergenputz.com\/wp-content\/uploads\/2024\/08\/Einsame-Bucht-Nordkueste-600x337.jpg 600w\" sizes=\"(max-width: 1400px) 100vw, 1400px\" \/><figcaption id=\"caption-attachment-5077\" class=\"wp-caption-text\">Baie isol\u00e9e sur la c\u00f4te nord<\/figcaption><\/figure>\n<p>\u00a0<\/p>\n<h3>Le cap d'Agia Ekaterini<\/h3>\n<p>En longeant des baies assez isol\u00e9es, nous atteignons finalement le point le plus au nord de Corfou, le cap Agia Ekaterini.\u00a0<\/p>\n<figure id=\"attachment_5078\" aria-describedby=\"caption-attachment-5078\" style=\"width: 1400px\" class=\"wp-caption alignnone\"><img loading=\"lazy\" decoding=\"async\" class=\"wp-image-5078 size-full\" src=\"https:\/\/juergenputz.com\/wp-content\/uploads\/2024\/08\/Kap-Agia-Ekaterini.jpg\" alt=\"\" width=\"1400\" height=\"1050\" srcset=\"https:\/\/juergenputz.com\/wp-content\/uploads\/2024\/08\/Kap-Agia-Ekaterini.jpg 1400w, https:\/\/juergenputz.com\/wp-content\/uploads\/2024\/08\/Kap-Agia-Ekaterini-300x225.jpg 300w, https:\/\/juergenputz.com\/wp-content\/uploads\/2024\/08\/Kap-Agia-Ekaterini-1024x768.jpg 1024w, https:\/\/juergenputz.com\/wp-content\/uploads\/2024\/08\/Kap-Agia-Ekaterini-768x576.jpg 768w, https:\/\/juergenputz.com\/wp-content\/uploads\/2024\/08\/Kap-Agia-Ekaterini-800x600.jpg 800w, https:\/\/juergenputz.com\/wp-content\/uploads\/2024\/08\/Kap-Agia-Ekaterini-600x450.jpg 600w\" sizes=\"(max-width: 1400px) 100vw, 1400px\" \/><figcaption id=\"caption-attachment-5078\" class=\"wp-caption-text\">Kap Agia Ekaterini \u2013 n\u00f6rdlichster Punkt auf Korfu<\/figcaption><\/figure>\n<p>\u00a0<\/p>\n<p>Nous contournons le cap et d\u00e9couvrons une autre baie tr\u00e8s isol\u00e9e avec une belle plage de sable.<\/p>\n<figure id=\"attachment_5079\" aria-describedby=\"caption-attachment-5079\" style=\"width: 1400px\" class=\"wp-caption alignnone\"><img loading=\"lazy\" decoding=\"async\" class=\"size-full wp-image-5079\" src=\"https:\/\/juergenputz.com\/wp-content\/uploads\/2024\/08\/Bucht-bei-Agios-Spiridon.jpg\" alt=\"\" width=\"1400\" height=\"694\" srcset=\"https:\/\/juergenputz.com\/wp-content\/uploads\/2024\/08\/Bucht-bei-Agios-Spiridon.jpg 1400w, https:\/\/juergenputz.com\/wp-content\/uploads\/2024\/08\/Bucht-bei-Agios-Spiridon-300x149.jpg 300w, https:\/\/juergenputz.com\/wp-content\/uploads\/2024\/08\/Bucht-bei-Agios-Spiridon-1024x508.jpg 1024w, https:\/\/juergenputz.com\/wp-content\/uploads\/2024\/08\/Bucht-bei-Agios-Spiridon-768x381.jpg 768w, https:\/\/juergenputz.com\/wp-content\/uploads\/2024\/08\/Bucht-bei-Agios-Spiridon-800x397.jpg 800w, https:\/\/juergenputz.com\/wp-content\/uploads\/2024\/08\/Bucht-bei-Agios-Spiridon-600x297.jpg 600w\" sizes=\"(max-width: 1400px) 100vw, 1400px\" \/><figcaption id=\"caption-attachment-5079\" class=\"wp-caption-text\">Plage de sable pr\u00e8s d'Agios Spiridon<\/figcaption><\/figure>\n<p>\u00a0<\/p>\n<p>Et puis nous arrivons enfin au point final du fantastique Corfu Trail, une petite chapelle \u00e0 Agios Spiridon.\u00a0<\/p>\n<figure id=\"attachment_5080\" aria-describedby=\"caption-attachment-5080\" style=\"width: 1400px\" class=\"wp-caption aligncenter\"><img loading=\"lazy\" decoding=\"async\" class=\"size-full wp-image-5080\" src=\"https:\/\/juergenputz.com\/wp-content\/uploads\/2024\/08\/Endpunkt-bei-Agios-Spiridon.jpg\" alt=\"\" width=\"1400\" height=\"787\" srcset=\"https:\/\/juergenputz.com\/wp-content\/uploads\/2024\/08\/Endpunkt-bei-Agios-Spiridon.jpg 1400w, https:\/\/juergenputz.com\/wp-content\/uploads\/2024\/08\/Endpunkt-bei-Agios-Spiridon-300x169.jpg 300w, https:\/\/juergenputz.com\/wp-content\/uploads\/2024\/08\/Endpunkt-bei-Agios-Spiridon-1024x576.jpg 1024w, https:\/\/juergenputz.com\/wp-content\/uploads\/2024\/08\/Endpunkt-bei-Agios-Spiridon-768x432.jpg 768w, https:\/\/juergenputz.com\/wp-content\/uploads\/2024\/08\/Endpunkt-bei-Agios-Spiridon-800x450.jpg 800w, https:\/\/juergenputz.com\/wp-content\/uploads\/2024\/08\/Endpunkt-bei-Agios-Spiridon-600x337.jpg 600w\" sizes=\"(max-width: 1400px) 100vw, 1400px\" \/><figcaption id=\"caption-attachment-5080\" class=\"wp-caption-text\">Kapelle in Agios Spiridon \u2013 der Endpunkt des Weges<\/figcaption><\/figure>\n<h3>\u00a0<\/h3>\n<h3 class=\"p1\">Le chemin est fait \ud83d\ude42<\/h3>\n<p>\u00a0<\/p>\n<p>\u00a0<\/p>\n<p>\u00a0<\/p>\n<p>\u00a0<\/p>\n<p><\/p>\t\t\t\t\t\t\t\t<\/div>\n\t\t\t\t<\/div>\n\t\t\t\t\t<\/div>\n\t\t<\/div>\n\t\t\t\t\t<\/div>\n\t\t<\/section>\n\t\t\t\t<section class=\"elementor-section elementor-top-section elementor-element elementor-element-663c3d2 elementor-section-boxed elementor-section-height-default elementor-section-height-default\" data-id=\"663c3d2\" data-element_type=\"section\" data-e-type=\"section\">\n\t\t\t\t\t\t<div class=\"elementor-container elementor-column-gap-default\">\n\t\t\t\t\t<div class=\"elementor-column elementor-col-100 elementor-top-column elementor-element elementor-element-b74a2b5\" data-id=\"b74a2b5\" data-element_type=\"column\" data-e-type=\"column\">\n\t\t\t<div class=\"elementor-widget-wrap elementor-element-populated\">\n\t\t\t\t\t\t<div class=\"elementor-element elementor-element-f035449 elementor-widget elementor-widget-text-editor\" data-id=\"f035449\" data-element_type=\"widget\" data-e-type=\"widget\" data-widget_type=\"text-editor.default\">\n\t\t\t\t<div class=\"elementor-widget-container\">\n\t\t\t\t\t\t\t\t\t<p><\/p>\n<p><\/p>\t\t\t\t\t\t\t\t<\/div>\n\t\t\t\t<\/div>\n\t\t\t\t\t<\/div>\n\t\t<\/div>\n\t\t\t\t\t<\/div>\n\t\t<\/section>\n\t\t\t\t<section class=\"elementor-section elementor-top-section elementor-element elementor-element-f477c74 elementor-section-boxed elementor-section-height-default elementor-section-height-default\" data-id=\"f477c74\" data-element_type=\"section\" data-e-type=\"section\">\n\t\t\t\t\t\t<div class=\"elementor-container elementor-column-gap-default\">\n\t\t\t\t\t<div class=\"elementor-column elementor-col-50 elementor-top-column elementor-element elementor-element-d7547a4\" data-id=\"d7547a4\" data-element_type=\"column\" data-e-type=\"column\">\n\t\t\t<div class=\"elementor-widget-wrap elementor-element-populated\">\n\t\t\t\t\t\t<div class=\"elementor-element elementor-element-6fb3b3b elementor-widget elementor-widget-google_maps\" data-id=\"6fb3b3b\" data-element_type=\"widget\" data-e-type=\"widget\" data-widget_type=\"google_maps.default\">\n\t\t\t\t<div class=\"elementor-widget-container\">\n\t\t\t\t\t\t\t<div class=\"elementor-custom-embed\">\n\t\t\t<iframe loading=\"lazy\"\n\t\t\t\t\tsrc=\"https:\/\/maps.google.com\/maps?q=Korfu&t=m&z=9&output=embed&iwloc=near\"\n\t\t\t\t\ttitle=\"Corfou\"\n\t\t\t\t\taria-label=\"Corfou\"\n\t\t\t><\/iframe>\n\t\t<\/div>\n\t\t\t\t\t\t<\/div>\n\t\t\t\t<\/div>\n\t\t\t\t\t<\/div>\n\t\t<\/div>\n\t\t\t\t<div class=\"elementor-column elementor-col-50 elementor-top-column elementor-element elementor-element-c611b3c\" data-id=\"c611b3c\" data-element_type=\"column\" data-e-type=\"column\">\n\t\t\t<div class=\"elementor-widget-wrap elementor-element-populated\">\n\t\t\t\t\t\t<div class=\"elementor-element elementor-element-34f91ae elementor-widget elementor-widget-text-editor\" data-id=\"34f91ae\" data-element_type=\"widget\" data-e-type=\"widget\" data-widget_type=\"text-editor.default\">\n\t\t\t\t<div class=\"elementor-widget-container\">\n\t\t\t\t\t\t\t\t\t<h3><b>Der Korfu \u2013 Trail<\/b><\/h3>\n<h4><strong>Sites web : <\/strong><\/h4>\n<h5><a href=\"https:\/\/www.thecorfutrail.com\/\" target=\"_blank\" rel=\"noopener\">Le guide officiel du sentier de Corfou<\/a><\/h5>\n<h5><a href=\"https:\/\/corfu-trail.com\/de\/korfu-trail.html\" target=\"_blank\" rel=\"noopener\">Le sentier de Corfou\u00a0<\/a><\/h5>\n<p>\u00a0<\/p>\t\t\t\t\t\t\t\t<\/div>\n\t\t\t\t<\/div>\n\t\t\t\t\t<\/div>\n\t\t<\/div>\n\t\t\t\t\t<\/div>\n\t\t<\/section>\n\t\t\t\t<\/div>","protected":false},"excerpt":{"rendered":"<p>Kerkyra ist der neugriechische Name f\u00fcr Korfu, die n\u00f6rdlichste der ironischen Inseln. Sie liegt am Eingang zur Adria zischen dem Stiefelabsatz der italienischen Halbinsel und nur zwei Kilometer von der albanischen K\u00fcste entfernt. \u00a0 \u00a0 Der Korfu-Trail Dieser wundersch\u00f6ne, ca 180 km lange Wanderweg wurde im Jahr 2001 von dem auf Korfu residierenden Wanderer Hilary Whitton Paipeti begr\u00fcndet. Von Arkoudillas im \u00e4u\u00dfersten S\u00fcden der Insel f\u00fchrt der Weg bis zum Kap Agia Ekaterini, dem n\u00f6rdlichsten Punkt von Korfu. Auf dem [&hellip;]<\/p>\n","protected":false},"author":2,"featured_media":5054,"comment_status":"open","ping_status":"open","sticky":false,"template":"","format":"standard","meta":{"footnotes":""},"categories":[70],"tags":[],"class_list":["post-4925","post","type-post","status-publish","format-standard","has-post-thumbnail","hentry","category-wanderungen"],"_links":{"self":[{"href":"https:\/\/juergenputz.com\/fr\/wp-json\/wp\/v2\/posts\/4925","targetHints":{"allow":["GET"]}}],"collection":[{"href":"https:\/\/juergenputz.com\/fr\/wp-json\/wp\/v2\/posts"}],"about":[{"href":"https:\/\/juergenputz.com\/fr\/wp-json\/wp\/v2\/types\/post"}],"author":[{"embeddable":true,"href":"https:\/\/juergenputz.com\/fr\/wp-json\/wp\/v2\/users\/2"}],"replies":[{"embeddable":true,"href":"https:\/\/juergenputz.com\/fr\/wp-json\/wp\/v2\/comments?post=4925"}],"version-history":[{"count":163,"href":"https:\/\/juergenputz.com\/fr\/wp-json\/wp\/v2\/posts\/4925\/revisions"}],"predecessor-version":[{"id":5167,"href":"https:\/\/juergenputz.com\/fr\/wp-json\/wp\/v2\/posts\/4925\/revisions\/5167"}],"wp:featuredmedia":[{"embeddable":true,"href":"https:\/\/juergenputz.com\/fr\/wp-json\/wp\/v2\/media\/5054"}],"wp:attachment":[{"href":"https:\/\/juergenputz.com\/fr\/wp-json\/wp\/v2\/media?parent=4925"}],"wp:term":[{"taxonomy":"category","embeddable":true,"href":"https:\/\/juergenputz.com\/fr\/wp-json\/wp\/v2\/categories?post=4925"},{"taxonomy":"post_tag","embeddable":true,"href":"https:\/\/juergenputz.com\/fr\/wp-json\/wp\/v2\/tags?post=4925"}],"curies":[{"name":"wp","href":"https:\/\/api.w.org\/{rel}","templated":true}]}}