{"id":4925,"date":"2024-07-30T16:12:20","date_gmt":"2024-07-30T14:12:20","guid":{"rendered":"https:\/\/juergenputz.com\/?p=4925"},"modified":"2024-11-11T18:04:31","modified_gmt":"2024-11-11T17:04:31","slug":"la-ruta-de-corfu","status":"publish","type":"post","link":"https:\/\/juergenputz.com\/es\/la-ruta-de-corfu\/","title":{"rendered":"La ruta de Corf\u00fa"},"content":{"rendered":"<div data-elementor-type=\"wp-post\" data-elementor-id=\"4925\" class=\"elementor elementor-4925\">\n\t\t\t\t\t\t<section class=\"elementor-section elementor-top-section elementor-element elementor-element-724c4f0c elementor-section-boxed elementor-section-height-default elementor-section-height-default\" data-id=\"724c4f0c\" data-element_type=\"section\" data-e-type=\"section\">\n\t\t\t\t\t\t<div class=\"elementor-container elementor-column-gap-default\">\n\t\t\t\t\t<div class=\"elementor-column elementor-col-100 elementor-top-column elementor-element elementor-element-6f8a63cb\" data-id=\"6f8a63cb\" data-element_type=\"column\" data-e-type=\"column\">\n\t\t\t<div class=\"elementor-widget-wrap elementor-element-populated\">\n\t\t\t\t\t\t<div class=\"elementor-element elementor-element-36003877 elementor-widget elementor-widget-text-editor\" data-id=\"36003877\" data-element_type=\"widget\" data-e-type=\"widget\" data-widget_type=\"text-editor.default\">\n\t\t\t\t<div class=\"elementor-widget-container\">\n\t\t\t\t\t\t\t\t\t<p><\/p>\n<p class=\"p1\">Kerkyra es el nombre griego moderno de Corf\u00fa, la m\u00e1s septentrional de las islas J\u00f3nicas. Se encuentra a la entrada del Adri\u00e1tico, entre el tal\u00f3n de la bota de la pen\u00ednsula italiana y a s\u00f3lo dos kil\u00f3metros de la costa albanesa.<\/p>\n<p>\u00a0<\/p>\n<figure id=\"attachment_4930\" aria-describedby=\"caption-attachment-4930\" style=\"width: 1400px\" class=\"wp-caption alignnone\"><img fetchpriority=\"high\" decoding=\"async\" class=\"wp-image-4930 size-full\" src=\"https:\/\/juergenputz.com\/wp-content\/uploads\/2024\/07\/20230604_GRC_Korfu-Stadt_009-Verbessert-RR.jpg\" alt=\"\" width=\"1400\" height=\"933\" srcset=\"https:\/\/juergenputz.com\/wp-content\/uploads\/2024\/07\/20230604_GRC_Korfu-Stadt_009-Verbessert-RR.jpg 1400w, https:\/\/juergenputz.com\/wp-content\/uploads\/2024\/07\/20230604_GRC_Korfu-Stadt_009-Verbessert-RR-300x200.jpg 300w, https:\/\/juergenputz.com\/wp-content\/uploads\/2024\/07\/20230604_GRC_Korfu-Stadt_009-Verbessert-RR-1024x682.jpg 1024w, https:\/\/juergenputz.com\/wp-content\/uploads\/2024\/07\/20230604_GRC_Korfu-Stadt_009-Verbessert-RR-768x512.jpg 768w, https:\/\/juergenputz.com\/wp-content\/uploads\/2024\/07\/20230604_GRC_Korfu-Stadt_009-Verbessert-RR-800x533.jpg 800w, https:\/\/juergenputz.com\/wp-content\/uploads\/2024\/07\/20230604_GRC_Korfu-Stadt_009-Verbessert-RR-600x400.jpg 600w\" sizes=\"(max-width: 1400px) 100vw, 1400px\" \/><figcaption id=\"caption-attachment-4930\" class=\"wp-caption-text\">Vista de la ciudad de Corf\u00fa<\/figcaption><\/figure>\n<h2>\u00a0<\/h2>\n<h2 class=\"p2\">La ruta de Corf\u00fa<\/h2>\n<p class=\"p1\">Esta hermosa ruta de senderismo de unos 180 km de longitud fue creada en 2001 por la excursionista afincada en Corf\u00fa Hilary Whitton Paipeti.<\/p>\n<figure id=\"attachment_4936\" aria-describedby=\"caption-attachment-4936\" style=\"width: 1400px\" class=\"wp-caption alignnone\"><img decoding=\"async\" class=\"size-full wp-image-4936\" src=\"https:\/\/juergenputz.com\/wp-content\/uploads\/2024\/07\/20230515_GRC_Korfu_Arkoudillas_013-1.jpg\" alt=\"\" width=\"1400\" height=\"933\" srcset=\"https:\/\/juergenputz.com\/wp-content\/uploads\/2024\/07\/20230515_GRC_Korfu_Arkoudillas_013-1.jpg 1400w, https:\/\/juergenputz.com\/wp-content\/uploads\/2024\/07\/20230515_GRC_Korfu_Arkoudillas_013-1-300x200.jpg 300w, https:\/\/juergenputz.com\/wp-content\/uploads\/2024\/07\/20230515_GRC_Korfu_Arkoudillas_013-1-1024x682.jpg 1024w, https:\/\/juergenputz.com\/wp-content\/uploads\/2024\/07\/20230515_GRC_Korfu_Arkoudillas_013-1-768x512.jpg 768w, https:\/\/juergenputz.com\/wp-content\/uploads\/2024\/07\/20230515_GRC_Korfu_Arkoudillas_013-1-800x533.jpg 800w, https:\/\/juergenputz.com\/wp-content\/uploads\/2024\/07\/20230515_GRC_Korfu_Arkoudillas_013-1-600x400.jpg 600w\" sizes=\"(max-width: 1400px) 100vw, 1400px\" \/><figcaption id=\"caption-attachment-4936\" class=\"wp-caption-text\">La costa salvaje cerca de Arkoudillas<\/figcaption><\/figure>\n<p class=\"p1\">Desde Arkoudillas, en el extremo sur de la isla, el sendero conduce al cabo de Agia Ekaterini, el punto m\u00e1s septentrional de Corf\u00fa. Por el camino, el excursionista descubre las magn\u00edficas playas de arena del oeste de la isla, atraviesa los olivares y bosques de helechos del interior para desviarse hacia la costa oriental y luego regresa a los paisajes de dunas de la costa occidental. Por \u00faltimo, atraviesa la meseta k\u00e1rstica y el salvaje y solitario<span class=\"Apple-converted-space\">\u00a0 <\/span>barrancos del paisaje monta\u00f1oso del norte antes de llegar por fin al destino, la costa salvaje del norte de la isla.<\/p>\n<p class=\"p1\">Peque\u00f1as se\u00f1ales amarillas y marcadores etiquetados con CT gu\u00edan a los excursionistas por zonas rurales, extensos bosques de helechos, pintorescos pueblecitos, monasterios y hasta algunos de los miradores m\u00e1s bellos de la isla.<\/p>\n<p><img decoding=\"async\" class=\"alignnone size-full wp-image-4937\" src=\"https:\/\/juergenputz.com\/wp-content\/uploads\/2024\/07\/Corfu-Trai.jpg\" alt=\"\" width=\"1400\" height=\"788\" srcset=\"https:\/\/juergenputz.com\/wp-content\/uploads\/2024\/07\/Corfu-Trai.jpg 1400w, https:\/\/juergenputz.com\/wp-content\/uploads\/2024\/07\/Corfu-Trai-300x169.jpg 300w, https:\/\/juergenputz.com\/wp-content\/uploads\/2024\/07\/Corfu-Trai-1024x576.jpg 1024w, https:\/\/juergenputz.com\/wp-content\/uploads\/2024\/07\/Corfu-Trai-768x432.jpg 768w, https:\/\/juergenputz.com\/wp-content\/uploads\/2024\/07\/Corfu-Trai-800x450.jpg 800w, https:\/\/juergenputz.com\/wp-content\/uploads\/2024\/07\/Corfu-Trai-600x338.jpg 600w\" sizes=\"(max-width: 1400px) 100vw, 1400px\" \/><\/p>\n<p class=\"p1\">Las etapas individuales son f\u00e1cilmente manejables incluso para excursionistas inexpertos, y si quieres facilitarte las cosas, puedes reservar un servicio de equipaje de proveedores locales experimentados o hacer todo el recorrido t\u00fa mismo.<span class=\"Apple-converted-space\">\u00a0 <\/span>puede planificarse.<\/p>\n<figure id=\"attachment_4941\" aria-describedby=\"caption-attachment-4941\" style=\"width: 1400px\" class=\"wp-caption alignnone\"><img loading=\"lazy\" decoding=\"async\" class=\"size-full wp-image-4941\" src=\"https:\/\/juergenputz.com\/wp-content\/uploads\/2024\/07\/See-bei-Arkoudillas.jpg\" alt=\"\" width=\"1400\" height=\"933\" srcset=\"https:\/\/juergenputz.com\/wp-content\/uploads\/2024\/07\/See-bei-Arkoudillas.jpg 1400w, https:\/\/juergenputz.com\/wp-content\/uploads\/2024\/07\/See-bei-Arkoudillas-300x200.jpg 300w, https:\/\/juergenputz.com\/wp-content\/uploads\/2024\/07\/See-bei-Arkoudillas-1024x682.jpg 1024w, https:\/\/juergenputz.com\/wp-content\/uploads\/2024\/07\/See-bei-Arkoudillas-768x512.jpg 768w, https:\/\/juergenputz.com\/wp-content\/uploads\/2024\/07\/See-bei-Arkoudillas-800x533.jpg 800w, https:\/\/juergenputz.com\/wp-content\/uploads\/2024\/07\/See-bei-Arkoudillas-600x400.jpg 600w\" sizes=\"(max-width: 1400px) 100vw, 1400px\" \/><figcaption id=\"caption-attachment-4941\" class=\"wp-caption-text\">Lago cerca de Arkoudillas<\/figcaption><\/figure>\n<h3>Lefkimmi<\/h3>\n<p>Con s\u00f3lo 5.000 habitantes, Lefkimmi es la segunda ciudad m\u00e1s grande de Corf\u00fa. Aqu\u00ed s\u00f3lo hay unos pocos turistas, la mayor\u00eda de los cuales prefieren pasar el tiempo en las playas cercanas. El ambiente aqu\u00ed es muy relajado y las tabernas a lo largo de un r\u00edo que cruza el pueblo son un lugar que invita a tomarse un descanso.\u00a0<\/p>\n<figure id=\"attachment_4942\" aria-describedby=\"caption-attachment-4942\" style=\"width: 1400px\" class=\"wp-caption alignnone\"><img loading=\"lazy\" decoding=\"async\" class=\"size-full wp-image-4942\" src=\"https:\/\/juergenputz.com\/wp-content\/uploads\/2024\/07\/Lefkimmi.jpg\" alt=\"\" width=\"1400\" height=\"933\" srcset=\"https:\/\/juergenputz.com\/wp-content\/uploads\/2024\/07\/Lefkimmi.jpg 1400w, https:\/\/juergenputz.com\/wp-content\/uploads\/2024\/07\/Lefkimmi-300x200.jpg 300w, https:\/\/juergenputz.com\/wp-content\/uploads\/2024\/07\/Lefkimmi-1024x682.jpg 1024w, https:\/\/juergenputz.com\/wp-content\/uploads\/2024\/07\/Lefkimmi-768x512.jpg 768w, https:\/\/juergenputz.com\/wp-content\/uploads\/2024\/07\/Lefkimmi-800x533.jpg 800w, https:\/\/juergenputz.com\/wp-content\/uploads\/2024\/07\/Lefkimmi-600x400.jpg 600w\" sizes=\"(max-width: 1400px) 100vw, 1400px\" \/><figcaption id=\"caption-attachment-4942\" class=\"wp-caption-text\">Lefkimmi<\/figcaption><\/figure>\n<p>La Ruta de Corf\u00fa nos lleva ahora a la costa oeste, a Santa B\u00e1rbara.  Las maravillosas playas de arena, a menudo desiertas, invitan a ba\u00f1arse y el profundo mar azul ofrece una vista fant\u00e1stica.\u00a0<\/p>\n<figure id=\"attachment_4943\" aria-describedby=\"caption-attachment-4943\" style=\"width: 1400px\" class=\"wp-caption alignnone\"><img loading=\"lazy\" decoding=\"async\" class=\"size-full wp-image-4943\" src=\"https:\/\/juergenputz.com\/wp-content\/uploads\/2024\/07\/Strand-bei-Santa-Barbara.jpg\" alt=\"\" width=\"1400\" height=\"787\" srcset=\"https:\/\/juergenputz.com\/wp-content\/uploads\/2024\/07\/Strand-bei-Santa-Barbara.jpg 1400w, https:\/\/juergenputz.com\/wp-content\/uploads\/2024\/07\/Strand-bei-Santa-Barbara-300x169.jpg 300w, https:\/\/juergenputz.com\/wp-content\/uploads\/2024\/07\/Strand-bei-Santa-Barbara-1024x576.jpg 1024w, https:\/\/juergenputz.com\/wp-content\/uploads\/2024\/07\/Strand-bei-Santa-Barbara-768x432.jpg 768w, https:\/\/juergenputz.com\/wp-content\/uploads\/2024\/07\/Strand-bei-Santa-Barbara-800x450.jpg 800w, https:\/\/juergenputz.com\/wp-content\/uploads\/2024\/07\/Strand-bei-Santa-Barbara-600x337.jpg 600w\" sizes=\"(max-width: 1400px) 100vw, 1400px\" \/><figcaption id=\"caption-attachment-4943\" class=\"wp-caption-text\">Playa cerca de Santa B\u00e1rbara<\/figcaption><\/figure>\n<p>Poco antes de llegar a nuestro alojamiento, divisamos una gran tortuga marina en la playa. Sin embargo, nuestra alegr\u00eda inicial se evapora r\u00e1pidamente cuando descubrimos la profunda herida en el cuello del animal, probablemente causada por una lancha motora. La tortuga probablemente ha muerto a causa de esta herida y caminamos tristemente los \u00faltimos metros hasta nuestro alojamiento.<\/p>\n<p><img loading=\"lazy\" decoding=\"async\" class=\"alignnone size-full wp-image-4944\" src=\"https:\/\/juergenputz.com\/wp-content\/uploads\/2024\/07\/Schildkroete.jpg\" alt=\"\" width=\"1400\" height=\"933\" srcset=\"https:\/\/juergenputz.com\/wp-content\/uploads\/2024\/07\/Schildkroete.jpg 1400w, https:\/\/juergenputz.com\/wp-content\/uploads\/2024\/07\/Schildkroete-300x200.jpg 300w, https:\/\/juergenputz.com\/wp-content\/uploads\/2024\/07\/Schildkroete-1024x682.jpg 1024w, https:\/\/juergenputz.com\/wp-content\/uploads\/2024\/07\/Schildkroete-768x512.jpg 768w, https:\/\/juergenputz.com\/wp-content\/uploads\/2024\/07\/Schildkroete-800x533.jpg 800w, https:\/\/juergenputz.com\/wp-content\/uploads\/2024\/07\/Schildkroete-600x400.jpg 600w\" sizes=\"(max-width: 1400px) 100vw, 1400px\" \/><\/p>\n<p>Al d\u00eda siguiente, continuamos por esta hermosa playa de arena antes de llegar a nuestra primera parada, la laguna Korrison.\u00a0<\/p>\n<figure id=\"attachment_4949\" aria-describedby=\"caption-attachment-4949\" style=\"width: 932px\" class=\"wp-caption aligncenter\"><img loading=\"lazy\" decoding=\"async\" class=\"wp-image-4949 size-full\" src=\"https:\/\/juergenputz.com\/wp-content\/uploads\/2024\/07\/Strand-bei-Santa-Barbara-1.jpg\" alt=\"\" width=\"932\" height=\"932\" srcset=\"https:\/\/juergenputz.com\/wp-content\/uploads\/2024\/07\/Strand-bei-Santa-Barbara-1.jpg 932w, https:\/\/juergenputz.com\/wp-content\/uploads\/2024\/07\/Strand-bei-Santa-Barbara-1-300x300.jpg 300w, https:\/\/juergenputz.com\/wp-content\/uploads\/2024\/07\/Strand-bei-Santa-Barbara-1-150x150.jpg 150w, https:\/\/juergenputz.com\/wp-content\/uploads\/2024\/07\/Strand-bei-Santa-Barbara-1-768x768.jpg 768w, https:\/\/juergenputz.com\/wp-content\/uploads\/2024\/07\/Strand-bei-Santa-Barbara-1-770x770.jpg 770w, https:\/\/juergenputz.com\/wp-content\/uploads\/2024\/07\/Strand-bei-Santa-Barbara-1-160x160.jpg 160w, https:\/\/juergenputz.com\/wp-content\/uploads\/2024\/07\/Strand-bei-Santa-Barbara-1-800x800.jpg 800w, https:\/\/juergenputz.com\/wp-content\/uploads\/2024\/07\/Strand-bei-Santa-Barbara-1-600x600.jpg 600w, https:\/\/juergenputz.com\/wp-content\/uploads\/2024\/07\/Strand-bei-Santa-Barbara-1-100x100.jpg 100w\" sizes=\"(max-width: 932px) 100vw, 932px\" \/><figcaption id=\"caption-attachment-4949\" class=\"wp-caption-text\">Caminata por la playa<\/figcaption><\/figure>\n<figure id=\"attachment_4950\" aria-describedby=\"caption-attachment-4950\" style=\"width: 1400px\" class=\"wp-caption alignnone\"><img loading=\"lazy\" decoding=\"async\" class=\"size-full wp-image-4950\" src=\"https:\/\/juergenputz.com\/wp-content\/uploads\/2024\/07\/Duenen-bei-Santa-Barbara.jpg\" alt=\"\" width=\"1400\" height=\"788\" srcset=\"https:\/\/juergenputz.com\/wp-content\/uploads\/2024\/07\/Duenen-bei-Santa-Barbara.jpg 1400w, https:\/\/juergenputz.com\/wp-content\/uploads\/2024\/07\/Duenen-bei-Santa-Barbara-300x169.jpg 300w, https:\/\/juergenputz.com\/wp-content\/uploads\/2024\/07\/Duenen-bei-Santa-Barbara-1024x576.jpg 1024w, https:\/\/juergenputz.com\/wp-content\/uploads\/2024\/07\/Duenen-bei-Santa-Barbara-768x432.jpg 768w, https:\/\/juergenputz.com\/wp-content\/uploads\/2024\/07\/Duenen-bei-Santa-Barbara-800x450.jpg 800w, https:\/\/juergenputz.com\/wp-content\/uploads\/2024\/07\/Duenen-bei-Santa-Barbara-600x338.jpg 600w\" sizes=\"(max-width: 1400px) 100vw, 1400px\" \/><figcaption id=\"caption-attachment-4950\" class=\"wp-caption-text\">Dunas cerca de Santa B\u00e1rbara<\/figcaption><\/figure>\n<figure id=\"attachment_4951\" aria-describedby=\"caption-attachment-4951\" style=\"width: 1400px\" class=\"wp-caption alignnone\"><img loading=\"lazy\" decoding=\"async\" class=\"size-full wp-image-4951\" src=\"https:\/\/juergenputz.com\/wp-content\/uploads\/2024\/07\/Korisson-Lagune.jpg\" alt=\"\" width=\"1400\" height=\"787\" srcset=\"https:\/\/juergenputz.com\/wp-content\/uploads\/2024\/07\/Korisson-Lagune.jpg 1400w, https:\/\/juergenputz.com\/wp-content\/uploads\/2024\/07\/Korisson-Lagune-300x169.jpg 300w, https:\/\/juergenputz.com\/wp-content\/uploads\/2024\/07\/Korisson-Lagune-1024x576.jpg 1024w, https:\/\/juergenputz.com\/wp-content\/uploads\/2024\/07\/Korisson-Lagune-768x432.jpg 768w, https:\/\/juergenputz.com\/wp-content\/uploads\/2024\/07\/Korisson-Lagune-800x450.jpg 800w, https:\/\/juergenputz.com\/wp-content\/uploads\/2024\/07\/Korisson-Lagune-600x337.jpg 600w\" sizes=\"(max-width: 1400px) 100vw, 1400px\" \/><figcaption id=\"caption-attachment-4951\" class=\"wp-caption-text\">Laguna Korisson<\/figcaption><\/figure>\n<p>Ahora caminamos por un largo puente de tierra con la laguna a nuestra derecha y el mar J\u00f3nico a nuestra izquierda a trav\u00e9s de un caracter\u00edstico paisaje de dunas.\u00a0<\/p>\n<figure id=\"attachment_4952\" aria-describedby=\"caption-attachment-4952\" style=\"width: 1400px\" class=\"wp-caption alignnone\"><img loading=\"lazy\" decoding=\"async\" class=\"size-full wp-image-4952\" src=\"https:\/\/juergenputz.com\/wp-content\/uploads\/2024\/07\/Duenen-bei-Korisson.jpg\" alt=\"\" width=\"1400\" height=\"788\" srcset=\"https:\/\/juergenputz.com\/wp-content\/uploads\/2024\/07\/Duenen-bei-Korisson.jpg 1400w, https:\/\/juergenputz.com\/wp-content\/uploads\/2024\/07\/Duenen-bei-Korisson-300x169.jpg 300w, https:\/\/juergenputz.com\/wp-content\/uploads\/2024\/07\/Duenen-bei-Korisson-1024x576.jpg 1024w, https:\/\/juergenputz.com\/wp-content\/uploads\/2024\/07\/Duenen-bei-Korisson-768x432.jpg 768w, https:\/\/juergenputz.com\/wp-content\/uploads\/2024\/07\/Duenen-bei-Korisson-800x450.jpg 800w, https:\/\/juergenputz.com\/wp-content\/uploads\/2024\/07\/Duenen-bei-Korisson-600x338.jpg 600w\" sizes=\"(max-width: 1400px) 100vw, 1400px\" \/><figcaption id=\"caption-attachment-4952\" class=\"wp-caption-text\">Paisaje dunar en el puente de tierra de la laguna Korisson<\/figcaption><\/figure>\n<p>Al final del puente de tierra, atravesamos un bosque de aspecto casi encantado y finalmente llegamos al pueblo de Paramonas, a los pies de la monta\u00f1a Agios Matheos, despu\u00e9s de recorrer unos 20 kil\u00f3metros.\u00a0<\/p>\n<p><img loading=\"lazy\" decoding=\"async\" class=\"alignnone size-full wp-image-4953\" src=\"https:\/\/juergenputz.com\/wp-content\/uploads\/2024\/07\/Wald-bei-Paramonas.jpg\" alt=\"\" width=\"1400\" height=\"788\" srcset=\"https:\/\/juergenputz.com\/wp-content\/uploads\/2024\/07\/Wald-bei-Paramonas.jpg 1400w, https:\/\/juergenputz.com\/wp-content\/uploads\/2024\/07\/Wald-bei-Paramonas-300x169.jpg 300w, https:\/\/juergenputz.com\/wp-content\/uploads\/2024\/07\/Wald-bei-Paramonas-1024x576.jpg 1024w, https:\/\/juergenputz.com\/wp-content\/uploads\/2024\/07\/Wald-bei-Paramonas-768x432.jpg 768w, https:\/\/juergenputz.com\/wp-content\/uploads\/2024\/07\/Wald-bei-Paramonas-800x450.jpg 800w, https:\/\/juergenputz.com\/wp-content\/uploads\/2024\/07\/Wald-bei-Paramonas-600x338.jpg 600w\" sizes=\"(max-width: 1400px) 100vw, 1400px\" \/><\/p>\n<p>Disfrutamos de nuestra cena y de un ouzo en una peque\u00f1a taberna de la playa del pueblo mientras el sol se pone maravillosamente.\u00a0<\/p>\n<figure id=\"attachment_4954\" aria-describedby=\"caption-attachment-4954\" style=\"width: 1400px\" class=\"wp-caption alignnone\"><img loading=\"lazy\" decoding=\"async\" class=\"size-full wp-image-4954\" src=\"https:\/\/juergenputz.com\/wp-content\/uploads\/2024\/07\/Sonnenuntergang-Paramonas.jpg\" alt=\"\" width=\"1400\" height=\"788\" srcset=\"https:\/\/juergenputz.com\/wp-content\/uploads\/2024\/07\/Sonnenuntergang-Paramonas.jpg 1400w, https:\/\/juergenputz.com\/wp-content\/uploads\/2024\/07\/Sonnenuntergang-Paramonas-300x169.jpg 300w, https:\/\/juergenputz.com\/wp-content\/uploads\/2024\/07\/Sonnenuntergang-Paramonas-1024x576.jpg 1024w, https:\/\/juergenputz.com\/wp-content\/uploads\/2024\/07\/Sonnenuntergang-Paramonas-768x432.jpg 768w, https:\/\/juergenputz.com\/wp-content\/uploads\/2024\/07\/Sonnenuntergang-Paramonas-800x450.jpg 800w, https:\/\/juergenputz.com\/wp-content\/uploads\/2024\/07\/Sonnenuntergang-Paramonas-600x338.jpg 600w\" sizes=\"(max-width: 1400px) 100vw, 1400px\" \/><figcaption id=\"caption-attachment-4954\" class=\"wp-caption-text\">Puesta de sol en la playa de Paramonas<\/figcaption><\/figure>\n<p class=\"p2\">Temprano por la ma\u00f1ana, salimos de nuestro alojamiento en una empinada subida hasta la cresta de la cordillera costera occidental. Desde aqu\u00ed tenemos una maravillosa vista del azul profundo del mar J\u00f3nico.<\/p>\n<p><img loading=\"lazy\" decoding=\"async\" class=\"alignnone size-full wp-image-4959\" src=\"https:\/\/juergenputz.com\/wp-content\/uploads\/2024\/08\/Kamm-des-westlichen-Kuestengebirges.jpg\" alt=\"\" width=\"1400\" height=\"788\" srcset=\"https:\/\/juergenputz.com\/wp-content\/uploads\/2024\/08\/Kamm-des-westlichen-Kuestengebirges.jpg 1400w, https:\/\/juergenputz.com\/wp-content\/uploads\/2024\/08\/Kamm-des-westlichen-Kuestengebirges-300x169.jpg 300w, https:\/\/juergenputz.com\/wp-content\/uploads\/2024\/08\/Kamm-des-westlichen-Kuestengebirges-1024x576.jpg 1024w, https:\/\/juergenputz.com\/wp-content\/uploads\/2024\/08\/Kamm-des-westlichen-Kuestengebirges-768x432.jpg 768w, https:\/\/juergenputz.com\/wp-content\/uploads\/2024\/08\/Kamm-des-westlichen-Kuestengebirges-800x450.jpg 800w, https:\/\/juergenputz.com\/wp-content\/uploads\/2024\/08\/Kamm-des-westlichen-Kuestengebirges-600x338.jpg 600w\" sizes=\"(max-width: 1400px) 100vw, 1400px\" \/><\/p>\n<p>\u00a0<\/p>\n<figure id=\"attachment_4960\" aria-describedby=\"caption-attachment-4960\" style=\"width: 1400px\" class=\"wp-caption alignnone\"><img loading=\"lazy\" decoding=\"async\" class=\"size-full wp-image-4960\" src=\"https:\/\/juergenputz.com\/wp-content\/uploads\/2024\/08\/Blick-vom-Kamm.jpg\" alt=\"\" width=\"1400\" height=\"933\" srcset=\"https:\/\/juergenputz.com\/wp-content\/uploads\/2024\/08\/Blick-vom-Kamm.jpg 1400w, https:\/\/juergenputz.com\/wp-content\/uploads\/2024\/08\/Blick-vom-Kamm-300x200.jpg 300w, https:\/\/juergenputz.com\/wp-content\/uploads\/2024\/08\/Blick-vom-Kamm-1024x682.jpg 1024w, https:\/\/juergenputz.com\/wp-content\/uploads\/2024\/08\/Blick-vom-Kamm-768x512.jpg 768w, https:\/\/juergenputz.com\/wp-content\/uploads\/2024\/08\/Blick-vom-Kamm-800x533.jpg 800w, https:\/\/juergenputz.com\/wp-content\/uploads\/2024\/08\/Blick-vom-Kamm-600x400.jpg 600w\" sizes=\"(max-width: 1400px) 100vw, 1400px\" \/><figcaption id=\"caption-attachment-4960\" class=\"wp-caption-text\">Vista desde la cresta de la cordillera litoral<\/figcaption><\/figure>\n<p class=\"p2\">Ahora nos dirigimos hacia el oeste, al interior de Corf\u00fa, y pasamos por los peque\u00f1os pueblos de Ano Pavliana y Kato Pavliana.  Por el camino florecen numerosas plantas silvestres.\u00a0\u00a0<\/p>\n<figure id=\"attachment_4961\" aria-describedby=\"caption-attachment-4961\" style=\"width: 800px\" class=\"wp-caption aligncenter\"><img loading=\"lazy\" decoding=\"async\" class=\"size-full wp-image-4961\" src=\"https:\/\/juergenputz.com\/wp-content\/uploads\/2024\/08\/Wildpflanzen-auf-Korfu.jpg\" alt=\"\" width=\"800\" height=\"800\" srcset=\"https:\/\/juergenputz.com\/wp-content\/uploads\/2024\/08\/Wildpflanzen-auf-Korfu.jpg 800w, https:\/\/juergenputz.com\/wp-content\/uploads\/2024\/08\/Wildpflanzen-auf-Korfu-300x300.jpg 300w, https:\/\/juergenputz.com\/wp-content\/uploads\/2024\/08\/Wildpflanzen-auf-Korfu-150x150.jpg 150w, https:\/\/juergenputz.com\/wp-content\/uploads\/2024\/08\/Wildpflanzen-auf-Korfu-768x768.jpg 768w, https:\/\/juergenputz.com\/wp-content\/uploads\/2024\/08\/Wildpflanzen-auf-Korfu-770x770.jpg 770w, https:\/\/juergenputz.com\/wp-content\/uploads\/2024\/08\/Wildpflanzen-auf-Korfu-160x160.jpg 160w, https:\/\/juergenputz.com\/wp-content\/uploads\/2024\/08\/Wildpflanzen-auf-Korfu-600x600.jpg 600w, https:\/\/juergenputz.com\/wp-content\/uploads\/2024\/08\/Wildpflanzen-auf-Korfu-100x100.jpg 100w\" sizes=\"(max-width: 800px) 100vw, 800px\" \/><figcaption id=\"caption-attachment-4961\" class=\"wp-caption-text\">Plantas silvestres a lo largo del camino<\/figcaption><\/figure>\n<p>Continuamos hacia el oeste hasta el peque\u00f1o y pintoresco pueblo de Vouniatades. Aqu\u00ed encontramos varios restos de coches, algunos ya cubiertos de hierba, de los que probablemente se hayan deshecho aqu\u00ed sus due\u00f1os.\u00a0<\/p>\n<figure id=\"attachment_4965\" aria-describedby=\"caption-attachment-4965\" style=\"width: 900px\" class=\"wp-caption aligncenter\"><img loading=\"lazy\" decoding=\"async\" class=\"size-full wp-image-4965\" src=\"https:\/\/juergenputz.com\/wp-content\/uploads\/2024\/08\/Autowracks.jpg\" alt=\"\" width=\"900\" height=\"675\" srcset=\"https:\/\/juergenputz.com\/wp-content\/uploads\/2024\/08\/Autowracks.jpg 900w, https:\/\/juergenputz.com\/wp-content\/uploads\/2024\/08\/Autowracks-300x225.jpg 300w, https:\/\/juergenputz.com\/wp-content\/uploads\/2024\/08\/Autowracks-768x576.jpg 768w, https:\/\/juergenputz.com\/wp-content\/uploads\/2024\/08\/Autowracks-800x600.jpg 800w, https:\/\/juergenputz.com\/wp-content\/uploads\/2024\/08\/Autowracks-600x450.jpg 600w\" sizes=\"(max-width: 900px) 100vw, 900px\" \/><figcaption id=\"caption-attachment-4965\" class=\"wp-caption-text\">Coches destrozados a lo largo del camino<\/figcaption><\/figure>\n<p>\u00a0<\/p>\n<h3>Komianata<\/h3>\n<p>A continuaci\u00f3n cruzamos una amplia llanura y tras otra subida llegamos al pueblo de Komianata, desde donde tenemos una magn\u00edfica vista de la costa este de Corf\u00fa y Benitses, nuestro destino de hoy.\u00a0<\/p>\n<figure id=\"attachment_4970\" aria-describedby=\"caption-attachment-4970\" style=\"width: 1400px\" class=\"wp-caption alignnone\"><img loading=\"lazy\" decoding=\"async\" class=\"size-full wp-image-4970\" src=\"https:\/\/juergenputz.com\/wp-content\/uploads\/2024\/08\/Vista-a-Benitses.jpg\" alt=\"\" width=\"1400\" height=\"933\" srcset=\"https:\/\/juergenputz.com\/wp-content\/uploads\/2024\/08\/Vista-a-Benitses.jpg 1400w, https:\/\/juergenputz.com\/wp-content\/uploads\/2024\/08\/Vista-a-Benitses-300x200.jpg 300w, https:\/\/juergenputz.com\/wp-content\/uploads\/2024\/08\/Vista-a-Benitses-1024x682.jpg 1024w, https:\/\/juergenputz.com\/wp-content\/uploads\/2024\/08\/Vista-a-Benitses-768x512.jpg 768w, https:\/\/juergenputz.com\/wp-content\/uploads\/2024\/08\/Vista-a-Benitses-800x533.jpg 800w, https:\/\/juergenputz.com\/wp-content\/uploads\/2024\/08\/Vista-a-Benitses-600x400.jpg 600w\" sizes=\"(max-width: 1400px) 100vw, 1400px\" \/><figcaption id=\"caption-attachment-4970\" class=\"wp-caption-text\">Vista desde Komianata<\/figcaption><\/figure>\n<p>Por la ma\u00f1ana, primero tomamos un taxi hasta el pueblo de Stavros, en la ruta. Desde all\u00ed, la caminata nos lleva primero a la cima del monte Agia Deka (576 metros). All\u00ed disfrutamos de la fant\u00e1stica vista antes de descansar de la subida en un monasterio abandonado cercano.<\/p>\n<figure id=\"attachment_4975\" aria-describedby=\"caption-attachment-4975\" style=\"width: 1400px\" class=\"wp-caption alignnone\"><img loading=\"lazy\" decoding=\"async\" class=\"size-full wp-image-4975\" src=\"https:\/\/juergenputz.com\/wp-content\/uploads\/2024\/08\/Blick-vom-Agi-Deka.jpg\" alt=\"\" width=\"1400\" height=\"933\" srcset=\"https:\/\/juergenputz.com\/wp-content\/uploads\/2024\/08\/Blick-vom-Agi-Deka.jpg 1400w, https:\/\/juergenputz.com\/wp-content\/uploads\/2024\/08\/Blick-vom-Agi-Deka-300x200.jpg 300w, https:\/\/juergenputz.com\/wp-content\/uploads\/2024\/08\/Blick-vom-Agi-Deka-1024x682.jpg 1024w, https:\/\/juergenputz.com\/wp-content\/uploads\/2024\/08\/Blick-vom-Agi-Deka-768x512.jpg 768w, https:\/\/juergenputz.com\/wp-content\/uploads\/2024\/08\/Blick-vom-Agi-Deka-800x533.jpg 800w, https:\/\/juergenputz.com\/wp-content\/uploads\/2024\/08\/Blick-vom-Agi-Deka-600x400.jpg 600w\" sizes=\"(max-width: 1400px) 100vw, 1400px\" \/><figcaption id=\"caption-attachment-4975\" class=\"wp-caption-text\">Vista desde la cima del Agi Deka<\/figcaption><\/figure>\n<p>\u00a0<\/p>\n<p>El viaje contin\u00faa hacia la costa oeste,\u00a0<span style=\"font-size: 15px; letter-spacing: 0px;\">hasta llegar al peque\u00f1o pueblo de monta\u00f1a de Sinarades. En este encantador pueblo, con sus edificios tradicionales, antiguas iglesias y sinuosas callejuelas, se hace una idea de c\u00f3mo era la vida en Corf\u00fa.\u00a0<\/span><\/p>\n<figure id=\"attachment_4976\" aria-describedby=\"caption-attachment-4976\" style=\"width: 394px\" class=\"wp-caption alignnone\"><img loading=\"lazy\" decoding=\"async\" class=\"size-full wp-image-4976\" src=\"https:\/\/juergenputz.com\/wp-content\/uploads\/2024\/08\/Sinarades-e1722867518188.jpg\" alt=\"\" width=\"394\" height=\"700\" \/><figcaption id=\"caption-attachment-4976\" class=\"wp-caption-text\">Sinarades<\/figcaption><\/figure>\n<p>\u00a0<\/p>\n<h3 class=\"p1\">Pelekas y el trono imperial<\/h3>\n<p>Desde Sinarades, tambi\u00e9n podemos ver Pelekas, nuestro destino del d\u00eda, situado en la ladera de una monta\u00f1a.<\/p>\n<p><img loading=\"lazy\" decoding=\"async\" class=\"alignnone size-full wp-image-4985\" src=\"https:\/\/juergenputz.com\/wp-content\/uploads\/2024\/08\/Pelekas.jpg\" alt=\"\" width=\"1400\" height=\"933\" srcset=\"https:\/\/juergenputz.com\/wp-content\/uploads\/2024\/08\/Pelekas.jpg 1400w, https:\/\/juergenputz.com\/wp-content\/uploads\/2024\/08\/Pelekas-300x200.jpg 300w, https:\/\/juergenputz.com\/wp-content\/uploads\/2024\/08\/Pelekas-1024x682.jpg 1024w, https:\/\/juergenputz.com\/wp-content\/uploads\/2024\/08\/Pelekas-768x512.jpg 768w, https:\/\/juergenputz.com\/wp-content\/uploads\/2024\/08\/Pelekas-800x533.jpg 800w, https:\/\/juergenputz.com\/wp-content\/uploads\/2024\/08\/Pelekas-600x400.jpg 600w\" sizes=\"(max-width: 1400px) 100vw, 1400px\" \/><\/p>\n<p><\/p>\n<figure class=\"wp-block-image size-large\"><\/figure>\n<p>Un lugar especial en Pelekas es el trono imperial.<\/p>\n<figure id=\"attachment_4990\" aria-describedby=\"caption-attachment-4990\" style=\"width: 1400px\" class=\"wp-caption alignnone\"><img loading=\"lazy\" decoding=\"async\" class=\"size-full wp-image-4990\" src=\"https:\/\/juergenputz.com\/wp-content\/uploads\/2024\/08\/Pelekas_Kaiserthron.jpg\" alt=\"\" width=\"1400\" height=\"933\" srcset=\"https:\/\/juergenputz.com\/wp-content\/uploads\/2024\/08\/Pelekas_Kaiserthron.jpg 1400w, https:\/\/juergenputz.com\/wp-content\/uploads\/2024\/08\/Pelekas_Kaiserthron-300x200.jpg 300w, https:\/\/juergenputz.com\/wp-content\/uploads\/2024\/08\/Pelekas_Kaiserthron-1024x682.jpg 1024w, https:\/\/juergenputz.com\/wp-content\/uploads\/2024\/08\/Pelekas_Kaiserthron-768x512.jpg 768w, https:\/\/juergenputz.com\/wp-content\/uploads\/2024\/08\/Pelekas_Kaiserthron-800x533.jpg 800w, https:\/\/juergenputz.com\/wp-content\/uploads\/2024\/08\/Pelekas_Kaiserthron-600x400.jpg 600w\" sizes=\"(max-width: 1400px) 100vw, 1400px\" \/><figcaption id=\"caption-attachment-4990\" class=\"wp-caption-text\">Trono imperial<\/figcaption><\/figure>\n<p class=\"p1\">La emperatriz Isabel de Austria-Hungr\u00eda, conocida como Sisi, adoraba Corf\u00fa. Compr\u00f3 aqu\u00ed una antigua villa que fue restaurada en su nombre entre 1890 y 1892. El \"Achilleion\", cuyo dise\u00f1o arquitect\u00f3nico recuerda a un antiguo palacio feaciano.\u00a0<\/p>\n<p class=\"p1\">El k\u00e1iser alem\u00e1n Guillermo compr\u00f3 el palacio en 1907 y pas\u00f3 aqu\u00ed sus vacaciones de verano entre 1908 y la Primera Guerra Mundial. Su excursi\u00f3n favorita era a Pelekas. Al emperador le encantaba contemplar la puesta de sol sobre el paisaje monta\u00f1oso desde una empinada colina sobre el pueblo. Este lugar en el pico rocoso sobre el pueblo se conoce todav\u00eda hoy como el \"Trono del Emperador\".<\/p>\n<p class=\"p1\">Al d\u00eda siguiente, partimos de Pelekas por un hermoso sendero costero.<\/p>\n<figure id=\"attachment_4998\" aria-describedby=\"caption-attachment-4998\" style=\"width: 1400px\" class=\"wp-caption alignnone\"><img loading=\"lazy\" decoding=\"async\" class=\"size-full wp-image-4998\" src=\"https:\/\/juergenputz.com\/wp-content\/uploads\/2024\/08\/Kueste-bei_Pelekas.jpg\" alt=\"\" width=\"1400\" height=\"933\" srcset=\"https:\/\/juergenputz.com\/wp-content\/uploads\/2024\/08\/Kueste-bei_Pelekas.jpg 1400w, https:\/\/juergenputz.com\/wp-content\/uploads\/2024\/08\/Kueste-bei_Pelekas-300x200.jpg 300w, https:\/\/juergenputz.com\/wp-content\/uploads\/2024\/08\/Kueste-bei_Pelekas-1024x682.jpg 1024w, https:\/\/juergenputz.com\/wp-content\/uploads\/2024\/08\/Kueste-bei_Pelekas-768x512.jpg 768w, https:\/\/juergenputz.com\/wp-content\/uploads\/2024\/08\/Kueste-bei_Pelekas-800x533.jpg 800w, https:\/\/juergenputz.com\/wp-content\/uploads\/2024\/08\/Kueste-bei_Pelekas-600x400.jpg 600w\" sizes=\"(max-width: 1400px) 100vw, 1400px\" \/><figcaption id=\"caption-attachment-4998\" class=\"wp-caption-text\">Costa cerca de Pelekas<\/figcaption><\/figure>\n<p class=\"p1\">Tras una empinada subida, dejamos la costa y llegamos al pueblo de Vatos. Continuamos por la llanura caracterizada por el r\u00edo Ropa hasta llegar finalmente al antiguo pueblo de Liapades.<\/p>\n<figure id=\"attachment_4999\" aria-describedby=\"caption-attachment-4999\" style=\"width: 1400px\" class=\"wp-caption alignnone\"><img loading=\"lazy\" decoding=\"async\" class=\"size-full wp-image-4999\" src=\"https:\/\/juergenputz.com\/wp-content\/uploads\/2024\/08\/Wanderung-durch-die-Ebene-des-Ropa.jpg\" alt=\"\" width=\"1400\" height=\"646\" srcset=\"https:\/\/juergenputz.com\/wp-content\/uploads\/2024\/08\/Wanderung-durch-die-Ebene-des-Ropa.jpg 1400w, https:\/\/juergenputz.com\/wp-content\/uploads\/2024\/08\/Wanderung-durch-die-Ebene-des-Ropa-300x138.jpg 300w, https:\/\/juergenputz.com\/wp-content\/uploads\/2024\/08\/Wanderung-durch-die-Ebene-des-Ropa-1024x473.jpg 1024w, https:\/\/juergenputz.com\/wp-content\/uploads\/2024\/08\/Wanderung-durch-die-Ebene-des-Ropa-768x354.jpg 768w, https:\/\/juergenputz.com\/wp-content\/uploads\/2024\/08\/Wanderung-durch-die-Ebene-des-Ropa-800x369.jpg 800w, https:\/\/juergenputz.com\/wp-content\/uploads\/2024\/08\/Wanderung-durch-die-Ebene-des-Ropa-600x277.jpg 600w\" sizes=\"(max-width: 1400px) 100vw, 1400px\" \/><figcaption id=\"caption-attachment-4999\" class=\"wp-caption-text\">Caminata por la llanura de Ropa<\/figcaption><\/figure>\n<p>\u00a0<\/p>\n<p class=\"p1\">Desde aqu\u00ed descendemos hasta nuestro alojamiento, situado en una hermosa bah\u00eda.<\/p>\n<figure id=\"attachment_5000\" aria-describedby=\"caption-attachment-5000\" style=\"width: 1400px\" class=\"wp-caption alignnone\"><img loading=\"lazy\" decoding=\"async\" class=\"size-full wp-image-5000\" src=\"https:\/\/juergenputz.com\/wp-content\/uploads\/2024\/08\/Bucht-bei-Lipades.jpg\" alt=\"\" width=\"1400\" height=\"754\" srcset=\"https:\/\/juergenputz.com\/wp-content\/uploads\/2024\/08\/Bucht-bei-Lipades.jpg 1400w, https:\/\/juergenputz.com\/wp-content\/uploads\/2024\/08\/Bucht-bei-Lipades-300x162.jpg 300w, https:\/\/juergenputz.com\/wp-content\/uploads\/2024\/08\/Bucht-bei-Lipades-1024x551.jpg 1024w, https:\/\/juergenputz.com\/wp-content\/uploads\/2024\/08\/Bucht-bei-Lipades-768x414.jpg 768w, https:\/\/juergenputz.com\/wp-content\/uploads\/2024\/08\/Bucht-bei-Lipades-800x431.jpg 800w, https:\/\/juergenputz.com\/wp-content\/uploads\/2024\/08\/Bucht-bei-Lipades-600x323.jpg 600w\" sizes=\"(max-width: 1400px) 100vw, 1400px\" \/><figcaption id=\"caption-attachment-5000\" class=\"wp-caption-text\">Bah\u00eda cerca de Liapades<\/figcaption><\/figure>\n<p>\u00a0<\/p>\n<p>El d\u00eda comienza con una subida empinada.\u00a0<\/p>\n<figure id=\"attachment_5005\" aria-describedby=\"caption-attachment-5005\" style=\"width: 394px\" class=\"wp-caption alignnone\"><img loading=\"lazy\" decoding=\"async\" class=\"size-full wp-image-5005\" src=\"https:\/\/juergenputz.com\/wp-content\/uploads\/2024\/08\/Aufstieg-Lipiades.jpg\" alt=\"\" width=\"394\" height=\"700\" srcset=\"https:\/\/juergenputz.com\/wp-content\/uploads\/2024\/08\/Aufstieg-Lipiades.jpg 394w, https:\/\/juergenputz.com\/wp-content\/uploads\/2024\/08\/Aufstieg-Lipiades-169x300.jpg 169w\" sizes=\"(max-width: 394px) 100vw, 394px\" \/><figcaption id=\"caption-attachment-5005\" class=\"wp-caption-text\">Ascenso en Liapades<\/figcaption><\/figure>\n<p>\u00a0<\/p>\n<h3>Angelocastro<\/h3>\n<p class=\"p1\">A continuaci\u00f3n, dejaremos la ruta oficial y nos desviaremos por el que quiz\u00e1s sea el camino empedrado antiguo m\u00e1s hermoso de Corf\u00fa hasta las ruinas del castillo bizantino de Angelokastro.<\/p>\n<figure id=\"attachment_5010\" aria-describedby=\"caption-attachment-5010\" style=\"width: 1400px\" class=\"wp-caption alignnone\"><img loading=\"lazy\" decoding=\"async\" class=\"size-full wp-image-5010\" src=\"https:\/\/juergenputz.com\/wp-content\/uploads\/2024\/08\/Angelokastro.jpg\" alt=\"\" width=\"1400\" height=\"933\" srcset=\"https:\/\/juergenputz.com\/wp-content\/uploads\/2024\/08\/Angelokastro.jpg 1400w, https:\/\/juergenputz.com\/wp-content\/uploads\/2024\/08\/Angelokastro-300x200.jpg 300w, https:\/\/juergenputz.com\/wp-content\/uploads\/2024\/08\/Angelokastro-1024x682.jpg 1024w, https:\/\/juergenputz.com\/wp-content\/uploads\/2024\/08\/Angelokastro-768x512.jpg 768w, https:\/\/juergenputz.com\/wp-content\/uploads\/2024\/08\/Angelokastro-800x533.jpg 800w, https:\/\/juergenputz.com\/wp-content\/uploads\/2024\/08\/Angelokastro-600x400.jpg 600w\" sizes=\"(max-width: 1400px) 100vw, 1400px\" \/><figcaption id=\"caption-attachment-5010\" class=\"wp-caption-text\">La fortaleza bizantina de Angelokastro<\/figcaption><\/figure>\n<p>Desde la fortaleza se tiene una fant\u00e1stica vista de la costa.<\/p>\n<figure id=\"attachment_5011\" aria-describedby=\"caption-attachment-5011\" style=\"width: 1400px\" class=\"wp-caption alignnone\"><img loading=\"lazy\" decoding=\"async\" class=\"size-full wp-image-5011\" src=\"https:\/\/juergenputz.com\/wp-content\/uploads\/2024\/08\/Ausblick-Angelokastro.jpg\" alt=\"\" width=\"1400\" height=\"934\" srcset=\"https:\/\/juergenputz.com\/wp-content\/uploads\/2024\/08\/Ausblick-Angelokastro.jpg 1400w, https:\/\/juergenputz.com\/wp-content\/uploads\/2024\/08\/Ausblick-Angelokastro-300x200.jpg 300w, https:\/\/juergenputz.com\/wp-content\/uploads\/2024\/08\/Ausblick-Angelokastro-1024x683.jpg 1024w, https:\/\/juergenputz.com\/wp-content\/uploads\/2024\/08\/Ausblick-Angelokastro-768x512.jpg 768w, https:\/\/juergenputz.com\/wp-content\/uploads\/2024\/08\/Ausblick-Angelokastro-800x534.jpg 800w, https:\/\/juergenputz.com\/wp-content\/uploads\/2024\/08\/Ausblick-Angelokastro-600x400.jpg 600w\" sizes=\"(max-width: 1400px) 100vw, 1400px\" \/><figcaption id=\"caption-attachment-5011\" class=\"wp-caption-text\">Vista desde la fortaleza de Angelokastro<\/figcaption><\/figure>\n<p>\u00a0<\/p>\n<p>Continuamos hasta el peque\u00f1o pueblo de Krini, situado a gran altitud, con su hermosa plaza del mercado.<\/p>\n<figure id=\"attachment_5016\" aria-describedby=\"caption-attachment-5016\" style=\"width: 1400px\" class=\"wp-caption alignnone\"><img loading=\"lazy\" decoding=\"async\" class=\"size-full wp-image-5016\" src=\"https:\/\/juergenputz.com\/wp-content\/uploads\/2024\/08\/Krini.jpg\" alt=\"\" width=\"1400\" height=\"515\" srcset=\"https:\/\/juergenputz.com\/wp-content\/uploads\/2024\/08\/Krini.jpg 1400w, https:\/\/juergenputz.com\/wp-content\/uploads\/2024\/08\/Krini-300x110.jpg 300w, https:\/\/juergenputz.com\/wp-content\/uploads\/2024\/08\/Krini-1024x377.jpg 1024w, https:\/\/juergenputz.com\/wp-content\/uploads\/2024\/08\/Krini-768x283.jpg 768w, https:\/\/juergenputz.com\/wp-content\/uploads\/2024\/08\/Krini-800x294.jpg 800w, https:\/\/juergenputz.com\/wp-content\/uploads\/2024\/08\/Krini-600x221.jpg 600w\" sizes=\"(max-width: 1400px) 100vw, 1400px\" \/><figcaption id=\"caption-attachment-5016\" class=\"wp-caption-text\">El mercado de Krini<\/figcaption><\/figure>\n<p>\u00a0<\/p>\n<p class=\"p2\">Cruzamos el pueblo de Makrades y finalmente alcanzamos de nuevo la costa oeste y disfrutamos de una maravillosa vista de la bah\u00eda de Agios Georgios - Pagon con su playa de arena de 3 km de largo, nuestro destino despu\u00e9s de esta larga caminata.<\/p>\n<figure id=\"attachment_5021\" aria-describedby=\"caption-attachment-5021\" style=\"width: 1400px\" class=\"wp-caption alignnone\"><img loading=\"lazy\" decoding=\"async\" class=\"size-full wp-image-5021\" src=\"https:\/\/juergenputz.com\/wp-content\/uploads\/2024\/08\/Blick-auf-Agios-Georgios-Pagon.jpg\" alt=\"\" width=\"1400\" height=\"788\" srcset=\"https:\/\/juergenputz.com\/wp-content\/uploads\/2024\/08\/Blick-auf-Agios-Georgios-Pagon.jpg 1400w, https:\/\/juergenputz.com\/wp-content\/uploads\/2024\/08\/Blick-auf-Agios-Georgios-Pagon-300x169.jpg 300w, https:\/\/juergenputz.com\/wp-content\/uploads\/2024\/08\/Blick-auf-Agios-Georgios-Pagon-1024x576.jpg 1024w, https:\/\/juergenputz.com\/wp-content\/uploads\/2024\/08\/Blick-auf-Agios-Georgios-Pagon-768x432.jpg 768w, https:\/\/juergenputz.com\/wp-content\/uploads\/2024\/08\/Blick-auf-Agios-Georgios-Pagon-800x450.jpg 800w, https:\/\/juergenputz.com\/wp-content\/uploads\/2024\/08\/Blick-auf-Agios-Georgios-Pagon-600x338.jpg 600w\" sizes=\"(max-width: 1400px) 100vw, 1400px\" \/><figcaption id=\"caption-attachment-5021\" class=\"wp-caption-text\">Vista de la bah\u00eda de Agios Georgios - Pagon<\/figcaption><\/figure>\n<figure id=\"attachment_5025\" aria-describedby=\"caption-attachment-5025\" style=\"width: 1400px\" class=\"wp-caption alignnone\"><img loading=\"lazy\" decoding=\"async\" class=\"size-full wp-image-5025\" src=\"https:\/\/juergenputz.com\/wp-content\/uploads\/2024\/08\/Agios-Georgios.jpg\" alt=\"\" width=\"1400\" height=\"787\" srcset=\"https:\/\/juergenputz.com\/wp-content\/uploads\/2024\/08\/Agios-Georgios.jpg 1400w, https:\/\/juergenputz.com\/wp-content\/uploads\/2024\/08\/Agios-Georgios-300x169.jpg 300w, https:\/\/juergenputz.com\/wp-content\/uploads\/2024\/08\/Agios-Georgios-1024x576.jpg 1024w, https:\/\/juergenputz.com\/wp-content\/uploads\/2024\/08\/Agios-Georgios-768x432.jpg 768w, https:\/\/juergenputz.com\/wp-content\/uploads\/2024\/08\/Agios-Georgios-800x450.jpg 800w, https:\/\/juergenputz.com\/wp-content\/uploads\/2024\/08\/Agios-Georgios-600x337.jpg 600w\" sizes=\"(max-width: 1400px) 100vw, 1400px\" \/><figcaption id=\"caption-attachment-5025\" class=\"wp-caption-text\">La bah\u00eda de Agios Georgios - Pagon<\/figcaption><\/figure>\n<p>\u00a0<\/p>\n<h3>Pagi - S\u00f3lo para tus ojos<\/h3>\n<p class=\"p2\">El d\u00eda siguiente comienza con una empinada subida desde Agios Georgios. Poco antes de llegar al peque\u00f1o pueblo de Pagi, pasamos junto a un viejo autob\u00fas que en su d\u00eda tuvo un papel muy especial en una pel\u00edcula. Se utiliz\u00f3 en la pel\u00edcula James Bond - S\u00f3lo para tus ojos (1981).<\/p>\n<figure id=\"attachment_5030\" aria-describedby=\"caption-attachment-5030\" style=\"width: 1400px\" class=\"wp-caption alignnone\"><img loading=\"lazy\" decoding=\"async\" class=\"size-full wp-image-5030\" src=\"https:\/\/juergenputz.com\/wp-content\/uploads\/2024\/08\/Bus-james-Bond.jpg\" alt=\"\" width=\"1400\" height=\"1050\" srcset=\"https:\/\/juergenputz.com\/wp-content\/uploads\/2024\/08\/Bus-james-Bond.jpg 1400w, https:\/\/juergenputz.com\/wp-content\/uploads\/2024\/08\/Bus-james-Bond-300x225.jpg 300w, https:\/\/juergenputz.com\/wp-content\/uploads\/2024\/08\/Bus-james-Bond-1024x768.jpg 1024w, https:\/\/juergenputz.com\/wp-content\/uploads\/2024\/08\/Bus-james-Bond-768x576.jpg 768w, https:\/\/juergenputz.com\/wp-content\/uploads\/2024\/08\/Bus-james-Bond-800x600.jpg 800w, https:\/\/juergenputz.com\/wp-content\/uploads\/2024\/08\/Bus-james-Bond-600x450.jpg 600w\" sizes=\"(max-width: 1400px) 100vw, 1400px\" \/><figcaption id=\"caption-attachment-5030\" class=\"wp-caption-text\">El autob\u00fas de la pel\u00edcula de James Bond \"S\u00f3lo para tus ojos\"<\/figcaption><\/figure>\n<p>\u00a0<\/p>\n<p class=\"p2\">Los fans a\u00fan recuerdan la escena en la que James Bond (Roger Moore) y Melina Havelock (Carole Bouquet) escapan de sus perseguidores en un Citro\u00ebn 2CV amarillo (pato) en un paseo salvaje a trav\u00e9s de olivares. La parte m\u00e1s memorable es probablemente la acrobacia en el cruce, donde el Citroen vuelca mientras los perseguidores de Bond quedan atrapados detr\u00e1s del autob\u00fas.<\/p>\n<p class=\"p2\">En la pel\u00edcula, estas escenas est\u00e1n ambientadas en Espa\u00f1a, pero en realidad, la peque\u00f1a localidad de Page fue el lugar de rodaje.<span class=\"Apple-converted-space\">\u00a0 \u00a0<\/span><\/p>\n<p class=\"p2\">La taberna de Jimmy, que se llama \"Spiros Bond 007 Caf\u00e9\", est\u00e1 situada justo al lado y hoy cuenta con numerosos recuerdos de este d\u00eda ciertamente emocionante en este peque\u00f1o pueblo.<\/p>\n<figure id=\"attachment_5031\" aria-describedby=\"caption-attachment-5031\" style=\"width: 1400px\" class=\"wp-caption alignnone\"><img loading=\"lazy\" decoding=\"async\" class=\"size-full wp-image-5031\" src=\"https:\/\/juergenputz.com\/wp-content\/uploads\/2024\/08\/Spiros-Cafe.jpg\" alt=\"\" width=\"1400\" height=\"788\" srcset=\"https:\/\/juergenputz.com\/wp-content\/uploads\/2024\/08\/Spiros-Cafe.jpg 1400w, https:\/\/juergenputz.com\/wp-content\/uploads\/2024\/08\/Spiros-Cafe-300x169.jpg 300w, https:\/\/juergenputz.com\/wp-content\/uploads\/2024\/08\/Spiros-Cafe-1024x576.jpg 1024w, https:\/\/juergenputz.com\/wp-content\/uploads\/2024\/08\/Spiros-Cafe-768x432.jpg 768w, https:\/\/juergenputz.com\/wp-content\/uploads\/2024\/08\/Spiros-Cafe-800x450.jpg 800w, https:\/\/juergenputz.com\/wp-content\/uploads\/2024\/08\/Spiros-Cafe-600x338.jpg 600w\" sizes=\"(max-width: 1400px) 100vw, 1400px\" \/><figcaption id=\"caption-attachment-5031\" class=\"wp-caption-text\">Spiros Bond 007 Caf\u00e9<\/figcaption><\/figure>\n<p>Continuamos esta corta etapa a trav\u00e9s de un paisaje caracterizado por la agricultura hasta Rekini y luego en taxi hasta Roda, nuestra parada nocturna en la costa norte.\u00a0<\/p>\n<figure id=\"attachment_5035\" aria-describedby=\"caption-attachment-5035\" style=\"width: 1400px\" class=\"wp-caption alignnone\"><img loading=\"lazy\" decoding=\"async\" class=\"size-full wp-image-5035\" src=\"https:\/\/juergenputz.com\/wp-content\/uploads\/2024\/08\/Strand-bei-Roda.jpg\" alt=\"\" width=\"1400\" height=\"646\" srcset=\"https:\/\/juergenputz.com\/wp-content\/uploads\/2024\/08\/Strand-bei-Roda.jpg 1400w, https:\/\/juergenputz.com\/wp-content\/uploads\/2024\/08\/Strand-bei-Roda-300x138.jpg 300w, https:\/\/juergenputz.com\/wp-content\/uploads\/2024\/08\/Strand-bei-Roda-1024x473.jpg 1024w, https:\/\/juergenputz.com\/wp-content\/uploads\/2024\/08\/Strand-bei-Roda-768x354.jpg 768w, https:\/\/juergenputz.com\/wp-content\/uploads\/2024\/08\/Strand-bei-Roda-800x369.jpg 800w, https:\/\/juergenputz.com\/wp-content\/uploads\/2024\/08\/Strand-bei-Roda-600x277.jpg 600w\" sizes=\"(max-width: 1400px) 100vw, 1400px\" \/><figcaption id=\"caption-attachment-5035\" class=\"wp-caption-text\">Playa cerca de Roda<\/figcaption><\/figure>\n<p>\u00a0<\/p>\n<p class=\"p1\">De vuelta a nuestra ruta en Rekini, nos dirigimos desde aqu\u00ed a trav\u00e9s del salvaje noreste de Corf\u00fa hasta Valanion y Sokraki.<\/p>\n<figure id=\"attachment_5040\" aria-describedby=\"caption-attachment-5040\" style=\"width: 1400px\" class=\"wp-caption alignnone\"><img loading=\"lazy\" decoding=\"async\" class=\"size-full wp-image-5040\" src=\"https:\/\/juergenputz.com\/wp-content\/uploads\/2024\/08\/Wilde-Pfade-im-Nordosten.jpg\" alt=\"\" width=\"1400\" height=\"787\" srcset=\"https:\/\/juergenputz.com\/wp-content\/uploads\/2024\/08\/Wilde-Pfade-im-Nordosten.jpg 1400w, https:\/\/juergenputz.com\/wp-content\/uploads\/2024\/08\/Wilde-Pfade-im-Nordosten-300x169.jpg 300w, https:\/\/juergenputz.com\/wp-content\/uploads\/2024\/08\/Wilde-Pfade-im-Nordosten-1024x576.jpg 1024w, https:\/\/juergenputz.com\/wp-content\/uploads\/2024\/08\/Wilde-Pfade-im-Nordosten-768x432.jpg 768w, https:\/\/juergenputz.com\/wp-content\/uploads\/2024\/08\/Wilde-Pfade-im-Nordosten-800x450.jpg 800w, https:\/\/juergenputz.com\/wp-content\/uploads\/2024\/08\/Wilde-Pfade-im-Nordosten-600x337.jpg 600w\" sizes=\"(max-width: 1400px) 100vw, 1400px\" \/><figcaption id=\"caption-attachment-5040\" class=\"wp-caption-text\">Senderos salvajes en el noreste<\/figcaption><\/figure>\n<p>\u00a0<\/p>\n<figure id=\"attachment_5041\" aria-describedby=\"caption-attachment-5041\" style=\"width: 1400px\" class=\"wp-caption alignnone\"><img loading=\"lazy\" decoding=\"async\" class=\"size-full wp-image-5041\" src=\"https:\/\/juergenputz.com\/wp-content\/uploads\/2024\/08\/Wanderung-durch-hohes-Gras.jpg\" alt=\"\" width=\"1400\" height=\"788\" srcset=\"https:\/\/juergenputz.com\/wp-content\/uploads\/2024\/08\/Wanderung-durch-hohes-Gras.jpg 1400w, https:\/\/juergenputz.com\/wp-content\/uploads\/2024\/08\/Wanderung-durch-hohes-Gras-300x169.jpg 300w, https:\/\/juergenputz.com\/wp-content\/uploads\/2024\/08\/Wanderung-durch-hohes-Gras-1024x576.jpg 1024w, https:\/\/juergenputz.com\/wp-content\/uploads\/2024\/08\/Wanderung-durch-hohes-Gras-768x432.jpg 768w, https:\/\/juergenputz.com\/wp-content\/uploads\/2024\/08\/Wanderung-durch-hohes-Gras-800x450.jpg 800w, https:\/\/juergenputz.com\/wp-content\/uploads\/2024\/08\/Wanderung-durch-hohes-Gras-600x338.jpg 600w\" sizes=\"(max-width: 1400px) 100vw, 1400px\" \/><figcaption id=\"caption-attachment-5041\" class=\"wp-caption-text\">Caminar por la hierba alta<\/figcaption><\/figure>\n<p>\u00a0<\/p>\n<p class=\"p1\">Luego llegamos a Spartillas y <span class=\"Apple-converted-space\">\u00a0<\/span>Por fin llegamos al destino final de hoy, el peque\u00f1o complejo vacacional de Barbati, en la costa noreste de Corf\u00fa. El mar aqu\u00ed es muy limpio y hay muchas tabernas en la playa y una hermosa vista de las luces de la costa de Butrint (Albania) enfrente por la noche.<\/p>\n<p>\u00a0<\/p>\n<figure id=\"attachment_5046\" aria-describedby=\"caption-attachment-5046\" style=\"width: 1400px\" class=\"wp-caption alignnone\"><img loading=\"lazy\" decoding=\"async\" class=\"size-full wp-image-5046\" src=\"https:\/\/juergenputz.com\/wp-content\/uploads\/2024\/08\/Abendstimmung-in-Butrint.jpg\" alt=\"\" width=\"1400\" height=\"788\" srcset=\"https:\/\/juergenputz.com\/wp-content\/uploads\/2024\/08\/Abendstimmung-in-Butrint.jpg 1400w, https:\/\/juergenputz.com\/wp-content\/uploads\/2024\/08\/Abendstimmung-in-Butrint-300x169.jpg 300w, https:\/\/juergenputz.com\/wp-content\/uploads\/2024\/08\/Abendstimmung-in-Butrint-1024x576.jpg 1024w, https:\/\/juergenputz.com\/wp-content\/uploads\/2024\/08\/Abendstimmung-in-Butrint-768x432.jpg 768w, https:\/\/juergenputz.com\/wp-content\/uploads\/2024\/08\/Abendstimmung-in-Butrint-800x450.jpg 800w, https:\/\/juergenputz.com\/wp-content\/uploads\/2024\/08\/Abendstimmung-in-Butrint-600x338.jpg 600w\" sizes=\"(max-width: 1400px) 100vw, 1400px\" \/><figcaption id=\"caption-attachment-5046\" class=\"wp-caption-text\">Ambiente nocturno en Barbati<\/figcaption><\/figure>\n<p>\u00a0<\/p>\n<h3>El Pancr\u00e1tor<\/h3>\n<p>El \u00faltimo d\u00eda de caminata es la etapa m\u00e1s larga y dif\u00edcil (24 km +650m, -1000m).<\/p>\n<p class=\"p1\">En primer lugar, hay una subida de 45 minutos hasta un maravilloso mirador en la capilla de Taxiarchis.<\/p>\n<figure id=\"attachment_5054\" aria-describedby=\"caption-attachment-5054\" style=\"width: 900px\" class=\"wp-caption alignnone\"><img loading=\"lazy\" decoding=\"async\" class=\"size-full wp-image-5054\" src=\"https:\/\/juergenputz.com\/wp-content\/uploads\/2024\/08\/Ausblick-auf-Albanien.jpg\" alt=\"\" width=\"900\" height=\"1200\" srcset=\"https:\/\/juergenputz.com\/wp-content\/uploads\/2024\/08\/Ausblick-auf-Albanien.jpg 900w, https:\/\/juergenputz.com\/wp-content\/uploads\/2024\/08\/Ausblick-auf-Albanien-225x300.jpg 225w, https:\/\/juergenputz.com\/wp-content\/uploads\/2024\/08\/Ausblick-auf-Albanien-768x1024.jpg 768w, https:\/\/juergenputz.com\/wp-content\/uploads\/2024\/08\/Ausblick-auf-Albanien-800x1067.jpg 800w, https:\/\/juergenputz.com\/wp-content\/uploads\/2024\/08\/Ausblick-auf-Albanien-600x800.jpg 600w\" sizes=\"(max-width: 900px) 100vw, 900px\" \/><figcaption id=\"caption-attachment-5054\" class=\"wp-caption-text\">Mirador de la capilla Taxiarchis<\/figcaption><\/figure>\n<p class=\"p1\">Desde aqu\u00ed se disfruta de una magn\u00edfica vista del estrecho de Corf\u00fa, Albania y la costa de Butrint.\u00a0<\/p>\n<p><img loading=\"lazy\" decoding=\"async\" class=\"alignnone size-full wp-image-5056\" src=\"https:\/\/juergenputz.com\/wp-content\/uploads\/2024\/08\/Ausblick-auf-Nordostkueste.jpg\" alt=\"\" width=\"1400\" height=\"1050\" srcset=\"https:\/\/juergenputz.com\/wp-content\/uploads\/2024\/08\/Ausblick-auf-Nordostkueste.jpg 1400w, https:\/\/juergenputz.com\/wp-content\/uploads\/2024\/08\/Ausblick-auf-Nordostkueste-300x225.jpg 300w, https:\/\/juergenputz.com\/wp-content\/uploads\/2024\/08\/Ausblick-auf-Nordostkueste-1024x768.jpg 1024w, https:\/\/juergenputz.com\/wp-content\/uploads\/2024\/08\/Ausblick-auf-Nordostkueste-768x576.jpg 768w, https:\/\/juergenputz.com\/wp-content\/uploads\/2024\/08\/Ausblick-auf-Nordostkueste-800x600.jpg 800w, https:\/\/juergenputz.com\/wp-content\/uploads\/2024\/08\/Ausblick-auf-Nordostkueste-600x450.jpg 600w\" sizes=\"(max-width: 1400px) 100vw, 1400px\" \/><\/p>\n<p>\u00a0<\/p>\n<p>La ruta contin\u00faa por un altiplano muy rocoso.<\/p>\n<figure id=\"attachment_5057\" aria-describedby=\"caption-attachment-5057\" style=\"width: 1400px\" class=\"wp-caption alignnone\"><img loading=\"lazy\" decoding=\"async\" class=\"size-full wp-image-5057\" src=\"https:\/\/juergenputz.com\/wp-content\/uploads\/2024\/08\/Das-Hochplateau.jpg\" alt=\"\" width=\"1400\" height=\"788\" srcset=\"https:\/\/juergenputz.com\/wp-content\/uploads\/2024\/08\/Das-Hochplateau.jpg 1400w, https:\/\/juergenputz.com\/wp-content\/uploads\/2024\/08\/Das-Hochplateau-300x169.jpg 300w, https:\/\/juergenputz.com\/wp-content\/uploads\/2024\/08\/Das-Hochplateau-1024x576.jpg 1024w, https:\/\/juergenputz.com\/wp-content\/uploads\/2024\/08\/Das-Hochplateau-768x432.jpg 768w, https:\/\/juergenputz.com\/wp-content\/uploads\/2024\/08\/Das-Hochplateau-800x450.jpg 800w, https:\/\/juergenputz.com\/wp-content\/uploads\/2024\/08\/Das-Hochplateau-600x338.jpg 600w\" sizes=\"(max-width: 1400px) 100vw, 1400px\" \/><figcaption id=\"caption-attachment-5057\" class=\"wp-caption-text\">El altiplano muy rocoso<\/figcaption><\/figure>\n<p>\u00a0<\/p>\n<p>A lo lejos se divisa ya la cima del Pantokrator, la monta\u00f1a m\u00e1s alta de Corf\u00fa.\u00a0\u00a0<\/p>\n<figure id=\"attachment_5058\" aria-describedby=\"caption-attachment-5058\" style=\"width: 1400px\" class=\"wp-caption alignnone\"><img loading=\"lazy\" decoding=\"async\" class=\"size-full wp-image-5058\" src=\"https:\/\/juergenputz.com\/wp-content\/uploads\/2024\/08\/Blick-auf-Pankrator.jpg\" alt=\"\" width=\"1400\" height=\"788\" srcset=\"https:\/\/juergenputz.com\/wp-content\/uploads\/2024\/08\/Blick-auf-Pankrator.jpg 1400w, https:\/\/juergenputz.com\/wp-content\/uploads\/2024\/08\/Blick-auf-Pankrator-300x169.jpg 300w, https:\/\/juergenputz.com\/wp-content\/uploads\/2024\/08\/Blick-auf-Pankrator-1024x576.jpg 1024w, https:\/\/juergenputz.com\/wp-content\/uploads\/2024\/08\/Blick-auf-Pankrator-768x432.jpg 768w, https:\/\/juergenputz.com\/wp-content\/uploads\/2024\/08\/Blick-auf-Pankrator-800x450.jpg 800w, https:\/\/juergenputz.com\/wp-content\/uploads\/2024\/08\/Blick-auf-Pankrator-600x338.jpg 600w\" sizes=\"(max-width: 1400px) 100vw, 1400px\" \/><figcaption id=\"caption-attachment-5058\" class=\"wp-caption-text\">Vista de Pankrator<\/figcaption><\/figure>\n<p>\u00a0<\/p>\n<p>El camino hasta la cima no forma parte del sendero oficial de Corf\u00fa, pero lo subimos de todos modos. Despu\u00e9s de unos 40 minutos llegamos a la cima y de nuevo tenemos una vista muy bonita, pero hay innumerables antenas en la cima que estropean la experiencia de estar aqu\u00ed en el techo de Corf\u00fa.<\/p>\n<figure id=\"attachment_5063\" aria-describedby=\"caption-attachment-5063\" style=\"width: 1400px\" class=\"wp-caption alignnone\"><img loading=\"lazy\" decoding=\"async\" class=\"size-full wp-image-5063\" src=\"https:\/\/juergenputz.com\/wp-content\/uploads\/2024\/08\/Auf-dem-Gipfel-des-Pankrator.jpg\" alt=\"\" width=\"1400\" height=\"933\" srcset=\"https:\/\/juergenputz.com\/wp-content\/uploads\/2024\/08\/Auf-dem-Gipfel-des-Pankrator.jpg 1400w, https:\/\/juergenputz.com\/wp-content\/uploads\/2024\/08\/Auf-dem-Gipfel-des-Pankrator-300x200.jpg 300w, https:\/\/juergenputz.com\/wp-content\/uploads\/2024\/08\/Auf-dem-Gipfel-des-Pankrator-1024x682.jpg 1024w, https:\/\/juergenputz.com\/wp-content\/uploads\/2024\/08\/Auf-dem-Gipfel-des-Pankrator-768x512.jpg 768w, https:\/\/juergenputz.com\/wp-content\/uploads\/2024\/08\/Auf-dem-Gipfel-des-Pankrator-800x533.jpg 800w, https:\/\/juergenputz.com\/wp-content\/uploads\/2024\/08\/Auf-dem-Gipfel-des-Pankrator-600x400.jpg 600w\" sizes=\"(max-width: 1400px) 100vw, 1400px\" \/><figcaption id=\"caption-attachment-5063\" class=\"wp-caption-text\">Cumbre del Pancrator<\/figcaption><\/figure>\n<p>\u00a0<\/p>\n<p>El descenso desde la cumbre discurre inicialmente por un sendero pedregoso, pero poco a poco la vegetaci\u00f3n se hace m\u00e1s densa.<\/p>\n<figure id=\"attachment_5071\" aria-describedby=\"caption-attachment-5071\" style=\"width: 1400px\" class=\"wp-caption alignnone\"><img loading=\"lazy\" decoding=\"async\" class=\"size-full wp-image-5071\" src=\"https:\/\/juergenputz.com\/wp-content\/uploads\/2024\/08\/Abstieg-vom-Pankrator.jpg\" alt=\"\" width=\"1400\" height=\"788\" srcset=\"https:\/\/juergenputz.com\/wp-content\/uploads\/2024\/08\/Abstieg-vom-Pankrator.jpg 1400w, https:\/\/juergenputz.com\/wp-content\/uploads\/2024\/08\/Abstieg-vom-Pankrator-300x169.jpg 300w, https:\/\/juergenputz.com\/wp-content\/uploads\/2024\/08\/Abstieg-vom-Pankrator-1024x576.jpg 1024w, https:\/\/juergenputz.com\/wp-content\/uploads\/2024\/08\/Abstieg-vom-Pankrator-768x432.jpg 768w, https:\/\/juergenputz.com\/wp-content\/uploads\/2024\/08\/Abstieg-vom-Pankrator-800x450.jpg 800w, https:\/\/juergenputz.com\/wp-content\/uploads\/2024\/08\/Abstieg-vom-Pankrator-600x338.jpg 600w\" sizes=\"(max-width: 1400px) 100vw, 1400px\" \/><figcaption id=\"caption-attachment-5071\" class=\"wp-caption-text\">Descenso del Pancrator<\/figcaption><\/figure>\n<p>\u00a0<\/p>\n<h3>Paleo Perithia<\/h3>\n<p>Finalmente llegamos al antiguo pueblo de monta\u00f1a de Paleo Perithia.<\/p>\n<figure id=\"attachment_5072\" aria-describedby=\"caption-attachment-5072\" style=\"width: 1400px\" class=\"wp-caption alignnone\"><img loading=\"lazy\" decoding=\"async\" class=\"size-full wp-image-5072\" src=\"https:\/\/juergenputz.com\/wp-content\/uploads\/2024\/08\/Hof-in-Paleo-Perithia.jpg\" alt=\"\" width=\"1400\" height=\"788\" srcset=\"https:\/\/juergenputz.com\/wp-content\/uploads\/2024\/08\/Hof-in-Paleo-Perithia.jpg 1400w, https:\/\/juergenputz.com\/wp-content\/uploads\/2024\/08\/Hof-in-Paleo-Perithia-300x169.jpg 300w, https:\/\/juergenputz.com\/wp-content\/uploads\/2024\/08\/Hof-in-Paleo-Perithia-1024x576.jpg 1024w, https:\/\/juergenputz.com\/wp-content\/uploads\/2024\/08\/Hof-in-Paleo-Perithia-768x432.jpg 768w, https:\/\/juergenputz.com\/wp-content\/uploads\/2024\/08\/Hof-in-Paleo-Perithia-800x450.jpg 800w, https:\/\/juergenputz.com\/wp-content\/uploads\/2024\/08\/Hof-in-Paleo-Perithia-600x338.jpg 600w\" sizes=\"(max-width: 1400px) 100vw, 1400px\" \/><figcaption id=\"caption-attachment-5072\" class=\"wp-caption-text\">Granja en Paleo Perithia<\/figcaption><\/figure>\n<p>El hist\u00f3rico pueblo de Per\u00edthia es el asentamiento habitado permanentemente m\u00e1s antiguo de Corf\u00fa, con or\u00edgenes que se remontan al siglo XIV. A mediados del siglo XVII, sus habitantes eran muy ricos, pero hacia 1960 el pueblo fue abandonado porque la gente prefer\u00eda vivir en la costa. Desde hace algunos a\u00f1os, sin embargo, hay de nuevo aqu\u00ed algunas pensiones y tabernas muy agradables, y el pueblo se ha convertido en un conocido destino de excursiones.\u00a0<\/p>\n<p>Desde aqu\u00ed, continuamos descendiendo por una pista forestal hasta llegar finalmente a la regi\u00f3n costera del norte.\u00a0<\/p>\n<figure id=\"attachment_5077\" aria-describedby=\"caption-attachment-5077\" style=\"width: 1400px\" class=\"wp-caption alignnone\"><img loading=\"lazy\" decoding=\"async\" class=\"size-full wp-image-5077\" src=\"https:\/\/juergenputz.com\/wp-content\/uploads\/2024\/08\/Einsame-Bucht-Nordkueste.jpg\" alt=\"\" width=\"1400\" height=\"787\" srcset=\"https:\/\/juergenputz.com\/wp-content\/uploads\/2024\/08\/Einsame-Bucht-Nordkueste.jpg 1400w, https:\/\/juergenputz.com\/wp-content\/uploads\/2024\/08\/Einsame-Bucht-Nordkueste-300x169.jpg 300w, https:\/\/juergenputz.com\/wp-content\/uploads\/2024\/08\/Einsame-Bucht-Nordkueste-1024x576.jpg 1024w, https:\/\/juergenputz.com\/wp-content\/uploads\/2024\/08\/Einsame-Bucht-Nordkueste-768x432.jpg 768w, https:\/\/juergenputz.com\/wp-content\/uploads\/2024\/08\/Einsame-Bucht-Nordkueste-800x450.jpg 800w, https:\/\/juergenputz.com\/wp-content\/uploads\/2024\/08\/Einsame-Bucht-Nordkueste-600x337.jpg 600w\" sizes=\"(max-width: 1400px) 100vw, 1400px\" \/><figcaption id=\"caption-attachment-5077\" class=\"wp-caption-text\">Bah\u00eda solitaria en la costa norte<\/figcaption><\/figure>\n<p>\u00a0<\/p>\n<h3>Cabo Agia Ekaterini<\/h3>\n<p>Finalmente llegamos al punto m\u00e1s septentrional de Corf\u00fa, el cabo de Agia Ekaterini, recorriendo solitarias bah\u00edas.\u00a0<\/p>\n<figure id=\"attachment_5078\" aria-describedby=\"caption-attachment-5078\" style=\"width: 1400px\" class=\"wp-caption alignnone\"><img loading=\"lazy\" decoding=\"async\" class=\"wp-image-5078 size-full\" src=\"https:\/\/juergenputz.com\/wp-content\/uploads\/2024\/08\/Kap-Agia-Ekaterini.jpg\" alt=\"\" width=\"1400\" height=\"1050\" srcset=\"https:\/\/juergenputz.com\/wp-content\/uploads\/2024\/08\/Kap-Agia-Ekaterini.jpg 1400w, https:\/\/juergenputz.com\/wp-content\/uploads\/2024\/08\/Kap-Agia-Ekaterini-300x225.jpg 300w, https:\/\/juergenputz.com\/wp-content\/uploads\/2024\/08\/Kap-Agia-Ekaterini-1024x768.jpg 1024w, https:\/\/juergenputz.com\/wp-content\/uploads\/2024\/08\/Kap-Agia-Ekaterini-768x576.jpg 768w, https:\/\/juergenputz.com\/wp-content\/uploads\/2024\/08\/Kap-Agia-Ekaterini-800x600.jpg 800w, https:\/\/juergenputz.com\/wp-content\/uploads\/2024\/08\/Kap-Agia-Ekaterini-600x450.jpg 600w\" sizes=\"(max-width: 1400px) 100vw, 1400px\" \/><figcaption id=\"caption-attachment-5078\" class=\"wp-caption-text\">Cabo Agia Ekaterini - punto m\u00e1s septentrional de Corf\u00fa<\/figcaption><\/figure>\n<p>\u00a0<\/p>\n<p>Rodeamos el cabo y descubrimos otra bah\u00eda muy apartada con una hermosa playa de arena.<\/p>\n<figure id=\"attachment_5079\" aria-describedby=\"caption-attachment-5079\" style=\"width: 1400px\" class=\"wp-caption alignnone\"><img loading=\"lazy\" decoding=\"async\" class=\"size-full wp-image-5079\" src=\"https:\/\/juergenputz.com\/wp-content\/uploads\/2024\/08\/Bucht-bei-Agios-Spiridon.jpg\" alt=\"\" width=\"1400\" height=\"694\" srcset=\"https:\/\/juergenputz.com\/wp-content\/uploads\/2024\/08\/Bucht-bei-Agios-Spiridon.jpg 1400w, https:\/\/juergenputz.com\/wp-content\/uploads\/2024\/08\/Bucht-bei-Agios-Spiridon-300x149.jpg 300w, https:\/\/juergenputz.com\/wp-content\/uploads\/2024\/08\/Bucht-bei-Agios-Spiridon-1024x508.jpg 1024w, https:\/\/juergenputz.com\/wp-content\/uploads\/2024\/08\/Bucht-bei-Agios-Spiridon-768x381.jpg 768w, https:\/\/juergenputz.com\/wp-content\/uploads\/2024\/08\/Bucht-bei-Agios-Spiridon-800x397.jpg 800w, https:\/\/juergenputz.com\/wp-content\/uploads\/2024\/08\/Bucht-bei-Agios-Spiridon-600x297.jpg 600w\" sizes=\"(max-width: 1400px) 100vw, 1400px\" \/><figcaption id=\"caption-attachment-5079\" class=\"wp-caption-text\">Playa de arena cerca de Agios Spiridon<\/figcaption><\/figure>\n<p>\u00a0<\/p>\n<p>Y por fin llegamos al punto final de la fant\u00e1stica Ruta de Corf\u00fa, una peque\u00f1a capilla en Agios Spiridon.\u00a0<\/p>\n<figure id=\"attachment_5080\" aria-describedby=\"caption-attachment-5080\" style=\"width: 1400px\" class=\"wp-caption aligncenter\"><img loading=\"lazy\" decoding=\"async\" class=\"size-full wp-image-5080\" src=\"https:\/\/juergenputz.com\/wp-content\/uploads\/2024\/08\/Endpunkt-bei-Agios-Spiridon.jpg\" alt=\"\" width=\"1400\" height=\"787\" srcset=\"https:\/\/juergenputz.com\/wp-content\/uploads\/2024\/08\/Endpunkt-bei-Agios-Spiridon.jpg 1400w, https:\/\/juergenputz.com\/wp-content\/uploads\/2024\/08\/Endpunkt-bei-Agios-Spiridon-300x169.jpg 300w, https:\/\/juergenputz.com\/wp-content\/uploads\/2024\/08\/Endpunkt-bei-Agios-Spiridon-1024x576.jpg 1024w, https:\/\/juergenputz.com\/wp-content\/uploads\/2024\/08\/Endpunkt-bei-Agios-Spiridon-768x432.jpg 768w, https:\/\/juergenputz.com\/wp-content\/uploads\/2024\/08\/Endpunkt-bei-Agios-Spiridon-800x450.jpg 800w, https:\/\/juergenputz.com\/wp-content\/uploads\/2024\/08\/Endpunkt-bei-Agios-Spiridon-600x337.jpg 600w\" sizes=\"(max-width: 1400px) 100vw, 1400px\" \/><figcaption id=\"caption-attachment-5080\" class=\"wp-caption-text\">Capilla de Agios Spiridon, punto final de la ruta<\/figcaption><\/figure>\n<h3>\u00a0<\/h3>\n<h3 class=\"p1\">El viaje se ha completado \ud83d\ude42 .<\/h3>\n<p>\u00a0<\/p>\n<p>\u00a0<\/p>\n<p>\u00a0<\/p>\n<p>\u00a0<\/p>\n<p><\/p>\t\t\t\t\t\t\t\t<\/div>\n\t\t\t\t<\/div>\n\t\t\t\t\t<\/div>\n\t\t<\/div>\n\t\t\t\t\t<\/div>\n\t\t<\/section>\n\t\t\t\t<section class=\"elementor-section elementor-top-section elementor-element elementor-element-663c3d2 elementor-section-boxed elementor-section-height-default elementor-section-height-default\" data-id=\"663c3d2\" data-element_type=\"section\" data-e-type=\"section\">\n\t\t\t\t\t\t<div class=\"elementor-container elementor-column-gap-default\">\n\t\t\t\t\t<div class=\"elementor-column elementor-col-100 elementor-top-column elementor-element elementor-element-b74a2b5\" data-id=\"b74a2b5\" data-element_type=\"column\" data-e-type=\"column\">\n\t\t\t<div class=\"elementor-widget-wrap elementor-element-populated\">\n\t\t\t\t\t\t<div class=\"elementor-element elementor-element-f035449 elementor-widget elementor-widget-text-editor\" data-id=\"f035449\" data-element_type=\"widget\" data-e-type=\"widget\" data-widget_type=\"text-editor.default\">\n\t\t\t\t<div class=\"elementor-widget-container\">\n\t\t\t\t\t\t\t\t\t<p><\/p>\n<p><\/p>\t\t\t\t\t\t\t\t<\/div>\n\t\t\t\t<\/div>\n\t\t\t\t\t<\/div>\n\t\t<\/div>\n\t\t\t\t\t<\/div>\n\t\t<\/section>\n\t\t\t\t<section class=\"elementor-section elementor-top-section elementor-element elementor-element-f477c74 elementor-section-boxed elementor-section-height-default elementor-section-height-default\" data-id=\"f477c74\" data-element_type=\"section\" data-e-type=\"section\">\n\t\t\t\t\t\t<div class=\"elementor-container elementor-column-gap-default\">\n\t\t\t\t\t<div class=\"elementor-column elementor-col-50 elementor-top-column elementor-element elementor-element-d7547a4\" data-id=\"d7547a4\" data-element_type=\"column\" data-e-type=\"column\">\n\t\t\t<div class=\"elementor-widget-wrap elementor-element-populated\">\n\t\t\t\t\t\t<div class=\"elementor-element elementor-element-6fb3b3b elementor-widget elementor-widget-google_maps\" data-id=\"6fb3b3b\" data-element_type=\"widget\" data-e-type=\"widget\" data-widget_type=\"google_maps.default\">\n\t\t\t\t<div class=\"elementor-widget-container\">\n\t\t\t\t\t\t\t<div class=\"elementor-custom-embed\">\n\t\t\t<iframe loading=\"lazy\"\n\t\t\t\t\tsrc=\"https:\/\/maps.google.com\/maps?q=Korfu&#038;t=m&#038;z=9&#038;output=embed&#038;iwloc=near\"\n\t\t\t\t\ttitle=\"Corf\u00fa\"\n\t\t\t\t\taria-label=\"Corf\u00fa\"\n\t\t\t><\/iframe>\n\t\t<\/div>\n\t\t\t\t\t\t<\/div>\n\t\t\t\t<\/div>\n\t\t\t\t\t<\/div>\n\t\t<\/div>\n\t\t\t\t<div class=\"elementor-column elementor-col-50 elementor-top-column elementor-element elementor-element-c611b3c\" data-id=\"c611b3c\" data-element_type=\"column\" data-e-type=\"column\">\n\t\t\t<div class=\"elementor-widget-wrap elementor-element-populated\">\n\t\t\t\t\t\t<div class=\"elementor-element elementor-element-34f91ae elementor-widget elementor-widget-text-editor\" data-id=\"34f91ae\" data-element_type=\"widget\" data-e-type=\"widget\" data-widget_type=\"text-editor.default\">\n\t\t\t\t<div class=\"elementor-widget-container\">\n\t\t\t\t\t\t\t\t\t<h3><b>La ruta de Corf\u00fa<\/b><\/h3>\n<h4><strong>P\u00e1ginas web: <\/strong><\/h4>\n<h5><a href=\"https:\/\/www.thecorfutrail.com\/\" target=\"_blank\" rel=\"noopener\">Gu\u00eda oficial de la Ruta de Corf\u00fa<\/a><\/h5>\n<h5><a href=\"https:\/\/corfu-trail.com\/de\/korfu-trail.html\" target=\"_blank\" rel=\"noopener\">La ruta de Corf\u00fa\u00a0<\/a><\/h5>\n<p>\u00a0<\/p>\t\t\t\t\t\t\t\t<\/div>\n\t\t\t\t<\/div>\n\t\t\t\t\t<\/div>\n\t\t<\/div>\n\t\t\t\t\t<\/div>\n\t\t<\/section>\n\t\t\t\t<\/div>","protected":false},"excerpt":{"rendered":"<p>Kerkyra ist der neugriechische Name f\u00fcr Korfu, die n\u00f6rdlichste der ironischen Inseln. Sie liegt am Eingang zur Adria zischen dem Stiefelabsatz der italienischen Halbinsel und nur zwei Kilometer von der albanischen K\u00fcste entfernt. \u00a0 \u00a0 Der Korfu-Trail Dieser wundersch\u00f6ne, ca 180 km lange Wanderweg wurde im Jahr 2001 von dem auf Korfu residierenden Wanderer Hilary Whitton Paipeti begr\u00fcndet. Von Arkoudillas im \u00e4u\u00dfersten S\u00fcden der Insel f\u00fchrt der Weg bis zum Kap Agia Ekaterini, dem n\u00f6rdlichsten Punkt von Korfu. Auf dem [&hellip;]<\/p>\n","protected":false},"author":2,"featured_media":5054,"comment_status":"open","ping_status":"open","sticky":false,"template":"","format":"standard","meta":{"footnotes":""},"categories":[70],"tags":[],"class_list":["post-4925","post","type-post","status-publish","format-standard","has-post-thumbnail","hentry","category-wanderungen"],"_links":{"self":[{"href":"https:\/\/juergenputz.com\/es\/wp-json\/wp\/v2\/posts\/4925","targetHints":{"allow":["GET"]}}],"collection":[{"href":"https:\/\/juergenputz.com\/es\/wp-json\/wp\/v2\/posts"}],"about":[{"href":"https:\/\/juergenputz.com\/es\/wp-json\/wp\/v2\/types\/post"}],"author":[{"embeddable":true,"href":"https:\/\/juergenputz.com\/es\/wp-json\/wp\/v2\/users\/2"}],"replies":[{"embeddable":true,"href":"https:\/\/juergenputz.com\/es\/wp-json\/wp\/v2\/comments?post=4925"}],"version-history":[{"count":163,"href":"https:\/\/juergenputz.com\/es\/wp-json\/wp\/v2\/posts\/4925\/revisions"}],"predecessor-version":[{"id":5167,"href":"https:\/\/juergenputz.com\/es\/wp-json\/wp\/v2\/posts\/4925\/revisions\/5167"}],"wp:featuredmedia":[{"embeddable":true,"href":"https:\/\/juergenputz.com\/es\/wp-json\/wp\/v2\/media\/5054"}],"wp:attachment":[{"href":"https:\/\/juergenputz.com\/es\/wp-json\/wp\/v2\/media?parent=4925"}],"wp:term":[{"taxonomy":"category","embeddable":true,"href":"https:\/\/juergenputz.com\/es\/wp-json\/wp\/v2\/categories?post=4925"},{"taxonomy":"post_tag","embeddable":true,"href":"https:\/\/juergenputz.com\/es\/wp-json\/wp\/v2\/tags?post=4925"}],"curies":[{"name":"wp","href":"https:\/\/api.w.org\/{rel}","templated":true}]}}